{"id":27809,"date":"2025-11-06T08:01:02","date_gmt":"2025-11-06T11:01:02","guid":{"rendered":"https:\/\/jm-metropole.com.br\/site\/selic-mantida-em-15-industria-e-setores-reagem-com-preocupacao\/"},"modified":"2025-11-06T08:01:06","modified_gmt":"2025-11-06T11:01:06","slug":"selic-mantida-em-15-industria-e-setores-reagem-com-preocupacao","status":"publish","type":"post","link":"https:\/\/jm-metropole.com.br\/site\/selic-mantida-em-15-industria-e-setores-reagem-com-preocupacao\/","title":{"rendered":"Selic Mantida em 15%: Ind\u00fastria e Setores Reagem com Preocupa\u00e7\u00e3o"},"content":{"rendered":"<p>A decis\u00e3o recente do Banco Central de manter a taxa Selic em 15% ao ano tem gerado forte apreens\u00e3o entre diversos setores da economia brasileira. Representantes da ind\u00fastria, constru\u00e7\u00e3o civil, com\u00e9rcio e sindicatos manifestaram preocupa\u00e7\u00e3o com o impacto da alta taxa de juros na atividade econ\u00f4mica.<\/p>\n<p>A Confedera\u00e7\u00e3o Nacional da Ind\u00fastria (CNI) expressou sua preocupa\u00e7\u00e3o, argumentando que o patamar elevado da Selic prejudica o crescimento econ\u00f4mico e coloca o Brasil em desvantagem em rela\u00e7\u00e3o a outros pa\u00edses que j\u00e1 iniciaram o ciclo de redu\u00e7\u00e3o de juros. O presidente da CNI, Ricardo Alban, enfatizou que essa pol\u00edtica monet\u00e1ria restritiva \u00e9 prejudicial ao pa\u00eds, impactando negativamente o mercado de trabalho e o bem-estar da popula\u00e7\u00e3o. Uma pesquisa da CNI revelou que 80% das empresas industriais consideram os juros como o principal obst\u00e1culo ao cr\u00e9dito de curto prazo.<\/p>\n<p>No setor da constru\u00e7\u00e3o civil, a C\u00e2mara Brasileira da Ind\u00fastria da Constru\u00e7\u00e3o (CBIC) alertou para o encarecimento do cr\u00e9dito imobili\u00e1rio e a inviabilidade de novos projetos devido \u00e0 Selic elevada. A entidade reduziu sua proje\u00e7\u00e3o de crescimento para o setor em 2025, refletindo os impactos negativos do ciclo prolongado de juros altos.<\/p>\n<p>Centrais sindicais tamb\u00e9m criticaram a decis\u00e3o do Banco Central, apontando para o aumento dos gastos p\u00fablicos com juros da d\u00edvida. A Confedera\u00e7\u00e3o Nacional dos Trabalhadores do Ramo Financeiro (Contraf-CUT) estima que cada ponto percentual de aumento da Selic eleva em cerca de R$ 50 bilh\u00f5es os gastos p\u00fablicos com juros. A For\u00e7a Sindical classificou o cen\u00e1rio como &#8220;era dos juros extorsivos&#8221;, afirmando que a pol\u00edtica do Banco Central compromete o consumo e a renda das fam\u00edlias.<\/p>\n<p>A Associa\u00e7\u00e3o Paulista de Supermercados (APAS) ressaltou que o Brasil est\u00e1 na contram\u00e3o do restante do mundo ao manter os juros altos, prejudicando investimentos e o consumo.<\/p>\n<p>Em contrapartida, a Associa\u00e7\u00e3o Comercial de S\u00e3o Paulo (ACSP) ponderou que a pol\u00edtica monet\u00e1ria reflete um cen\u00e1rio de infla\u00e7\u00e3o ainda acima da meta e justifica uma postura cautelosa.<\/p>\n<p><em>Fonte: agenciabrasil.ebc.com.br<\/em><\/p>\n","protected":false},"excerpt":{"rendered":"<p>A decis\u00e3o recente do Banco Central de manter a taxa Selic em 15% ao ano tem gerado forte apreens\u00e3o entre diversos setores da economia brasileira. Representantes da ind\u00fastria, constru\u00e7\u00e3o civil, com\u00e9rcio e sindicatos manifestaram preocupa\u00e7\u00e3o com o impacto da alta taxa de juros na atividade econ\u00f4mica. A Confedera\u00e7\u00e3o Nacional da Ind\u00fastria (CNI) expressou sua preocupa\u00e7\u00e3o, [&hellip;]<\/p>\n","protected":false},"author":1,"featured_media":27810,"comment_status":"open","ping_status":"open","sticky":false,"template":"","format":"standard","meta":{"footnotes":""},"categories":[1],"tags":[209,210,211,208,190],"class_list":{"0":"post-27809","1":"post","2":"type-post","3":"status-publish","4":"format-standard","5":"has-post-thumbnail","7":"category-tudo","8":"tag-banco","9":"tag-central","10":"tag-industria","11":"tag-juros","12":"tag-selic"},"_links":{"self":[{"href":"https:\/\/jm-metropole.com.br\/site\/wp-json\/wp\/v2\/posts\/27809","targetHints":{"allow":["GET"]}}],"collection":[{"href":"https:\/\/jm-metropole.com.br\/site\/wp-json\/wp\/v2\/posts"}],"about":[{"href":"https:\/\/jm-metropole.com.br\/site\/wp-json\/wp\/v2\/types\/post"}],"author":[{"embeddable":true,"href":"https:\/\/jm-metropole.com.br\/site\/wp-json\/wp\/v2\/users\/1"}],"replies":[{"embeddable":true,"href":"https:\/\/jm-metropole.com.br\/site\/wp-json\/wp\/v2\/comments?post=27809"}],"version-history":[{"count":1,"href":"https:\/\/jm-metropole.com.br\/site\/wp-json\/wp\/v2\/posts\/27809\/revisions"}],"predecessor-version":[{"id":27811,"href":"https:\/\/jm-metropole.com.br\/site\/wp-json\/wp\/v2\/posts\/27809\/revisions\/27811"}],"wp:featuredmedia":[{"embeddable":true,"href":"https:\/\/jm-metropole.com.br\/site\/wp-json\/wp\/v2\/media\/27810"}],"wp:attachment":[{"href":"https:\/\/jm-metropole.com.br\/site\/wp-json\/wp\/v2\/media?parent=27809"}],"wp:term":[{"taxonomy":"category","embeddable":true,"href":"https:\/\/jm-metropole.com.br\/site\/wp-json\/wp\/v2\/categories?post=27809"},{"taxonomy":"post_tag","embeddable":true,"href":"https:\/\/jm-metropole.com.br\/site\/wp-json\/wp\/v2\/tags?post=27809"}],"curies":[{"name":"wp","href":"https:\/\/api.w.org\/{rel}","templated":true}]}}