{"id":27797,"date":"2025-11-05T11:01:07","date_gmt":"2025-11-05T14:01:07","guid":{"rendered":"https:\/\/jm-metropole.com.br\/site\/jovem-democrata-muculmano-surpreende-e-assume-prefeitura-de-nova-york\/"},"modified":"2025-11-05T11:01:10","modified_gmt":"2025-11-05T14:01:10","slug":"jovem-democrata-muculmano-surpreende-e-assume-prefeitura-de-nova-york","status":"publish","type":"post","link":"https:\/\/jm-metropole.com.br\/site\/jovem-democrata-muculmano-surpreende-e-assume-prefeitura-de-nova-york\/","title":{"rendered":"Jovem Democrata Mu\u00e7ulmano Surpreende e Assume Prefeitura de Nova York"},"content":{"rendered":"<p>Na noite de ter\u00e7a-feira, Nova York elegeu Zohran Mamdani como seu novo prefeito. Aos 34 anos, Mamdani se torna o mais jovem a ocupar o cargo desde 1892. A elei\u00e7\u00e3o registrou uma participa\u00e7\u00e3o recorde, com mais de dois milh\u00f5es de votantes comparecendo \u00e0s urnas, o maior n\u00famero desde 1969. Mamdani conquistou mais de 50% dos votos, impulsionado por forte apoio entre os eleitores mais jovens.<\/p>\n<p>O novo prefeito derrotou o independente Andrew Cuomo e o republicano Curtis Sliwa. A vit\u00f3ria de Mamdani \u00e9 considerada significativa, dada a import\u00e2ncia de Nova York no cen\u00e1rio pol\u00edtico dos Estados Unidos.<\/p>\n<p>Descendente de imigrantes, Mamdani se torna o primeiro mu\u00e7ulmano a liderar a cidade. O prefeito se identifica como socialista e expressa apoio \u00e0 causa palestina.<\/p>\n<p>Al\u00e9m da elei\u00e7\u00e3o de Mamdani, o Partido Democrata obteve outras vit\u00f3rias importantes nas elei\u00e7\u00f5es americanas, incluindo as elei\u00e7\u00f5es para governador na Virg\u00ednia e Nova Jersey. Abigail Spanberger foi eleita governadora na Virg\u00ednia, derrotando o republicano Glenn Youngkin. Em Nova Jersey, a deputada federal Mikie Sherrill venceu o republicano Jack Ciattarelli.<\/p>\n<p><em>Fonte: agenciabrasil.ebc.com.br<\/em><\/p>\n","protected":false},"excerpt":{"rendered":"<p>Na noite de ter\u00e7a-feira, Nova York elegeu Zohran Mamdani como seu novo prefeito. Aos 34 anos, Mamdani se torna o mais jovem a ocupar o cargo desde 1892. A elei\u00e7\u00e3o registrou uma participa\u00e7\u00e3o recorde, com mais de dois milh\u00f5es de votantes comparecendo \u00e0s urnas, o maior n\u00famero desde 1969. Mamdani conquistou mais de 50% dos [&hellip;]<\/p>\n","protected":false},"author":1,"featured_media":27798,"comment_status":"open","ping_status":"open","sticky":false,"template":"","format":"standard","meta":{"footnotes":""},"categories":[30],"tags":[194,195,196,197,198],"class_list":{"0":"post-27797","1":"post","2":"type-post","3":"status-publish","4":"format-standard","5":"has-post-thumbnail","7":"category-internacional","8":"tag-mamdani","9":"tag-nova","10":"tag-prefeito","11":"tag-republicano","12":"tag-york"},"_links":{"self":[{"href":"https:\/\/jm-metropole.com.br\/site\/wp-json\/wp\/v2\/posts\/27797","targetHints":{"allow":["GET"]}}],"collection":[{"href":"https:\/\/jm-metropole.com.br\/site\/wp-json\/wp\/v2\/posts"}],"about":[{"href":"https:\/\/jm-metropole.com.br\/site\/wp-json\/wp\/v2\/types\/post"}],"author":[{"embeddable":true,"href":"https:\/\/jm-metropole.com.br\/site\/wp-json\/wp\/v2\/users\/1"}],"replies":[{"embeddable":true,"href":"https:\/\/jm-metropole.com.br\/site\/wp-json\/wp\/v2\/comments?post=27797"}],"version-history":[{"count":1,"href":"https:\/\/jm-metropole.com.br\/site\/wp-json\/wp\/v2\/posts\/27797\/revisions"}],"predecessor-version":[{"id":27799,"href":"https:\/\/jm-metropole.com.br\/site\/wp-json\/wp\/v2\/posts\/27797\/revisions\/27799"}],"wp:featuredmedia":[{"embeddable":true,"href":"https:\/\/jm-metropole.com.br\/site\/wp-json\/wp\/v2\/media\/27798"}],"wp:attachment":[{"href":"https:\/\/jm-metropole.com.br\/site\/wp-json\/wp\/v2\/media?parent=27797"}],"wp:term":[{"taxonomy":"category","embeddable":true,"href":"https:\/\/jm-metropole.com.br\/site\/wp-json\/wp\/v2\/categories?post=27797"},{"taxonomy":"post_tag","embeddable":true,"href":"https:\/\/jm-metropole.com.br\/site\/wp-json\/wp\/v2\/tags?post=27797"}],"curies":[{"name":"wp","href":"https:\/\/api.w.org\/{rel}","templated":true}]}}