{"id":27788,"date":"2025-11-05T07:00:58","date_gmt":"2025-11-05T10:00:58","guid":{"rendered":"https:\/\/jm-metropole.com.br\/site\/tensao-hemisferica-adia-cupula-das-americas-para-2026\/"},"modified":"2025-11-05T07:01:02","modified_gmt":"2025-11-05T10:01:02","slug":"tensao-hemisferica-adia-cupula-das-americas-para-2026","status":"publish","type":"post","link":"https:\/\/jm-metropole.com.br\/site\/tensao-hemisferica-adia-cupula-das-americas-para-2026\/","title":{"rendered":"Tens\u00e3o Hemisf\u00e9rica Adia C\u00fapula das Am\u00e9ricas para 2026"},"content":{"rendered":"<p>A Rep\u00fablica Dominicana anunciou o adiamento da C\u00fapula das Am\u00e9ricas, originalmente agendada para dezembro deste ano, para o ano de 2026. A decis\u00e3o, comunicada nesta segunda-feira, justifica-se pelas &#8220;profundas divis\u00f5es&#8221; que, segundo o governo dominicano, est\u00e3o dificultando um di\u00e1logo construtivo entre os pa\u00edses das Am\u00e9ricas.<\/p>\n<p>A nota oficial indica que o adiamento foi acordado com &#8220;parceiros mais pr\u00f3ximos&#8221;, incluindo os Estados Unidos, idealizador original do f\u00f3rum, e outros pa\u00edses relevantes. O governo dominicano tamb\u00e9m consultou representantes de institui\u00e7\u00f5es internacionais cruciais para a organiza\u00e7\u00e3o da C\u00fapula, como o Secret\u00e1rio-Geral da Organiza\u00e7\u00e3o dos Estados Americanos (OEA) e o Presidente do Banco Interamericano de Desenvolvimento (BID).<\/p>\n<p>O an\u00fancio ocorre em um contexto de crescente atividade militar dos Estados Unidos no Caribe e de ataques a embarca\u00e7\u00f5es suspeitas de transportar drogas.<\/p>\n<p>Em setembro, a Rep\u00fablica Dominicana j\u00e1 havia declarado que Cuba, Nicar\u00e1gua e Venezuela n\u00e3o seriam convidados para a C\u00fapula, alegando que esses pa\u00edses optaram por n\u00e3o participar da OEA e da edi\u00e7\u00e3o anterior do evento. Segundo o governo dominicano, essa decis\u00e3o visava garantir uma maior participa\u00e7\u00e3o e o desenvolvimento do f\u00f3rum.<\/p>\n<p>A C\u00fapula das Am\u00e9ricas \u00e9 um f\u00f3rum de di\u00e1logo pol\u00edtico de alto n\u00edvel que re\u00fane chefes de Estado e de Governo do continente americano. A primeira edi\u00e7\u00e3o ocorreu em Miami, em 1994, e a \u00faltima, em Los Angeles, em junho de 2022.<\/p>\n<p>O Minist\u00e9rio das Rela\u00e7\u00f5es Exteriores dominicano ainda n\u00e3o divulgou uma nova data para a realiza\u00e7\u00e3o da c\u00fapula em 2026.<\/p>\n<p><em>Fonte: agenciabrasil.ebc.com.br<\/em><\/p>\n","protected":false},"excerpt":{"rendered":"<p>A Rep\u00fablica Dominicana anunciou o adiamento da C\u00fapula das Am\u00e9ricas, originalmente agendada para dezembro deste ano, para o ano de 2026. A decis\u00e3o, comunicada nesta segunda-feira, justifica-se pelas &#8220;profundas divis\u00f5es&#8221; que, segundo o governo dominicano, est\u00e3o dificultando um di\u00e1logo construtivo entre os pa\u00edses das Am\u00e9ricas. A nota oficial indica que o adiamento foi acordado com [&hellip;]<\/p>\n","protected":false},"author":1,"featured_media":27789,"comment_status":"open","ping_status":"open","sticky":false,"template":"","format":"standard","meta":{"footnotes":""},"categories":[30],"tags":[187,184,186,185,166],"class_list":{"0":"post-27788","1":"post","2":"type-post","3":"status-publish","4":"format-standard","5":"has-post-thumbnail","7":"category-internacional","8":"tag-americas","9":"tag-cupula","10":"tag-dominicano","11":"tag-governo","12":"tag-paises"},"_links":{"self":[{"href":"https:\/\/jm-metropole.com.br\/site\/wp-json\/wp\/v2\/posts\/27788","targetHints":{"allow":["GET"]}}],"collection":[{"href":"https:\/\/jm-metropole.com.br\/site\/wp-json\/wp\/v2\/posts"}],"about":[{"href":"https:\/\/jm-metropole.com.br\/site\/wp-json\/wp\/v2\/types\/post"}],"author":[{"embeddable":true,"href":"https:\/\/jm-metropole.com.br\/site\/wp-json\/wp\/v2\/users\/1"}],"replies":[{"embeddable":true,"href":"https:\/\/jm-metropole.com.br\/site\/wp-json\/wp\/v2\/comments?post=27788"}],"version-history":[{"count":1,"href":"https:\/\/jm-metropole.com.br\/site\/wp-json\/wp\/v2\/posts\/27788\/revisions"}],"predecessor-version":[{"id":27790,"href":"https:\/\/jm-metropole.com.br\/site\/wp-json\/wp\/v2\/posts\/27788\/revisions\/27790"}],"wp:featuredmedia":[{"embeddable":true,"href":"https:\/\/jm-metropole.com.br\/site\/wp-json\/wp\/v2\/media\/27789"}],"wp:attachment":[{"href":"https:\/\/jm-metropole.com.br\/site\/wp-json\/wp\/v2\/media?parent=27788"}],"wp:term":[{"taxonomy":"category","embeddable":true,"href":"https:\/\/jm-metropole.com.br\/site\/wp-json\/wp\/v2\/categories?post=27788"},{"taxonomy":"post_tag","embeddable":true,"href":"https:\/\/jm-metropole.com.br\/site\/wp-json\/wp\/v2\/tags?post=27788"}],"curies":[{"name":"wp","href":"https:\/\/api.w.org\/{rel}","templated":true}]}}