{"id":27782,"date":"2025-11-04T18:00:58","date_gmt":"2025-11-04T21:00:58","guid":{"rendered":"https:\/\/jm-metropole.com.br\/site\/toyota-reinicia-fabricacao-de-veiculos-no-brasil-apos-interrupcao-de-quarenta-dias\/"},"modified":"2025-11-04T18:01:00","modified_gmt":"2025-11-04T21:01:00","slug":"toyota-reinicia-fabricacao-de-veiculos-no-brasil-apos-interrupcao-de-quarenta-dias","status":"publish","type":"post","link":"https:\/\/jm-metropole.com.br\/site\/toyota-reinicia-fabricacao-de-veiculos-no-brasil-apos-interrupcao-de-quarenta-dias\/","title":{"rendered":"Toyota Reinicia Fabrica\u00e7\u00e3o de Ve\u00edculos no Brasil Ap\u00f3s Interrup\u00e7\u00e3o de Quarenta Dias"},"content":{"rendered":"<p>A Toyota retomou suas opera\u00e7\u00f5es de produ\u00e7\u00e3o de ve\u00edculos no Brasil, especificamente nas plantas de Indaiatuba e Sorocaba, localizadas no interior de S\u00e3o Paulo. A reativa\u00e7\u00e3o ocorreu ap\u00f3s um per\u00edodo de paralisa\u00e7\u00e3o de pouco mais de 40 dias, iniciado em 22 de setembro. A interrup\u00e7\u00e3o das atividades fabris foi motivada por uma forte tempestade que causou severos danos \u00e0 unidade de Porto Feliz (SP), respons\u00e1vel pela produ\u00e7\u00e3o de motores da montadora.<\/p>\n<p>O rein\u00edcio da produ\u00e7\u00e3o se deu nesta segunda-feira (3) e ser\u00e1 implementado de forma gradual. Inicialmente, a Toyota do Brasil utilizar\u00e1 motores e pe\u00e7as importadas de outras unidades no exterior. Nesta primeira fase, a empresa concentrar\u00e1 seus esfor\u00e7os na fabrica\u00e7\u00e3o das vers\u00f5es h\u00edbridas dos modelos Corolla e Corolla Cross.<\/p>\n<p>Em comunicado divulgado em outubro, a Toyota informou que a retomada da produ\u00e7\u00e3o de ve\u00edculos equipados com motores convencionais est\u00e1 prevista para janeiro de 2026. Essa produ\u00e7\u00e3o incluir\u00e1 ve\u00edculos destinados tanto ao mercado interno brasileiro quanto \u00e0 exporta\u00e7\u00e3o, abrangendo os modelos Corolla e Corolla Cross atualmente em linha.<\/p>\n<p>A tempestade de 22 de setembro, caracterizada por fortes chuvas e vendavais, causou destrui\u00e7\u00e3o e preju\u00edzos em diversas regi\u00f5es do estado de S\u00e3o Paulo. A Defesa Civil contabilizou 33 ocorr\u00eancias, resultando em 24 pessoas feridas, oito desabrigadas e 33 desalojadas em diferentes localidades. Al\u00e9m dos danos \u00e0 f\u00e1brica da Toyota em Porto Feliz, que resultaram em dez feridos e oito desabrigados, foram registrados alagamentos, quedas de \u00e1rvores e desabamentos em diversas cidades.<\/p>\n<p>Outras ocorr\u00eancias graves foram registradas em Rancharia, Ourinhos, Santa F\u00e9 do Sul, Presidente Prudente e Presidente Venceslau, com vendavais, destelhamentos e queda de \u00e1rvores. Em Dracena, uma \u00e1rvore caiu sobre um ve\u00edculo, causando ferimentos em duas pessoas. Em Osasco, o telhado de tr\u00eas resid\u00eancias desabou, desalojando tr\u00eas fam\u00edlias.<\/p>\n<p><em>Fonte: agenciabrasil.ebc.com.br<\/em><\/p>\n","protected":false},"excerpt":{"rendered":"<p>A Toyota retomou suas opera\u00e7\u00f5es de produ\u00e7\u00e3o de ve\u00edculos no Brasil, especificamente nas plantas de Indaiatuba e Sorocaba, localizadas no interior de S\u00e3o Paulo. A reativa\u00e7\u00e3o ocorreu ap\u00f3s um per\u00edodo de paralisa\u00e7\u00e3o de pouco mais de 40 dias, iniciado em 22 de setembro. A interrup\u00e7\u00e3o das atividades fabris foi motivada por uma forte tempestade que [&hellip;]<\/p>\n","protected":false},"author":1,"featured_media":27783,"comment_status":"open","ping_status":"open","sticky":false,"template":"","format":"standard","meta":{"footnotes":""},"categories":[1],"tags":[179,180,177,178,91],"class_list":{"0":"post-27782","1":"post","2":"type-post","3":"status-publish","4":"format-standard","5":"has-post-thumbnail","7":"category-tudo","8":"tag-corolla","9":"tag-motores","10":"tag-producao","11":"tag-toyota","12":"tag-veiculos"},"_links":{"self":[{"href":"https:\/\/jm-metropole.com.br\/site\/wp-json\/wp\/v2\/posts\/27782","targetHints":{"allow":["GET"]}}],"collection":[{"href":"https:\/\/jm-metropole.com.br\/site\/wp-json\/wp\/v2\/posts"}],"about":[{"href":"https:\/\/jm-metropole.com.br\/site\/wp-json\/wp\/v2\/types\/post"}],"author":[{"embeddable":true,"href":"https:\/\/jm-metropole.com.br\/site\/wp-json\/wp\/v2\/users\/1"}],"replies":[{"embeddable":true,"href":"https:\/\/jm-metropole.com.br\/site\/wp-json\/wp\/v2\/comments?post=27782"}],"version-history":[{"count":1,"href":"https:\/\/jm-metropole.com.br\/site\/wp-json\/wp\/v2\/posts\/27782\/revisions"}],"predecessor-version":[{"id":27784,"href":"https:\/\/jm-metropole.com.br\/site\/wp-json\/wp\/v2\/posts\/27782\/revisions\/27784"}],"wp:featuredmedia":[{"embeddable":true,"href":"https:\/\/jm-metropole.com.br\/site\/wp-json\/wp\/v2\/media\/27783"}],"wp:attachment":[{"href":"https:\/\/jm-metropole.com.br\/site\/wp-json\/wp\/v2\/media?parent=27782"}],"wp:term":[{"taxonomy":"category","embeddable":true,"href":"https:\/\/jm-metropole.com.br\/site\/wp-json\/wp\/v2\/categories?post=27782"},{"taxonomy":"post_tag","embeddable":true,"href":"https:\/\/jm-metropole.com.br\/site\/wp-json\/wp\/v2\/tags?post=27782"}],"curies":[{"name":"wp","href":"https:\/\/api.w.org\/{rel}","templated":true}]}}