{"id":27773,"date":"2025-11-04T08:01:18","date_gmt":"2025-11-04T11:01:18","guid":{"rendered":"https:\/\/jm-metropole.com.br\/site\/haddad-almeja-us-10-bilhoes-para-proteger-florestas-tropicais-ate-fim-de-2025\/"},"modified":"2025-11-04T08:01:21","modified_gmt":"2025-11-04T11:01:21","slug":"haddad-almeja-us-10-bilhoes-para-proteger-florestas-tropicais-ate-fim-de-2025","status":"publish","type":"post","link":"https:\/\/jm-metropole.com.br\/site\/haddad-almeja-us-10-bilhoes-para-proteger-florestas-tropicais-ate-fim-de-2025\/","title":{"rendered":"Haddad Almeja US$ 10 Bilh\u00f5es para Proteger Florestas Tropicais At\u00e9 Fim de 2025"},"content":{"rendered":"<p>O governo brasileiro mira a capta\u00e7\u00e3o de US$ 10 bilh\u00f5es em investimentos p\u00fablicos at\u00e9 o final de 2025, durante a presid\u00eancia do Brasil na Confer\u00eancia das Na\u00e7\u00f5es Unidas sobre Mudan\u00e7a do Clima. O an\u00fancio foi feito pelo ministro da Fazenda, Fernando Haddad, em S\u00e3o Paulo, nesta segunda-feira. O montante seria destinado ao Fundo Tropical das Florestas, um mecanismo global que visa recompensar financeiramente pa\u00edses que preservam suas florestas tropicais.<\/p>\n<p>O ministro expressou otimismo em rela\u00e7\u00e3o \u00e0 proposta, considerando-a ambiciosa, mas alcan\u00e7\u00e1vel. A expectativa \u00e9 que esse valor inicial, proveniente de recursos governamentais, possa ser ampliado com a ades\u00e3o de funda\u00e7\u00f5es, fundos e empresas. Para atingir a meta, seria necess\u00e1rio o engajamento de alguns pa\u00edses do G20, permitindo remunerar principalmente as na\u00e7\u00f5es com florestas tropicais que enfrentam dificuldades financeiras.<\/p>\n<p>Haddad participou de reuni\u00f5es do evento COP30 Business &amp; Finance Forum, promovido pela Bloomberg Philanthropies, onde investidores e financiadores demonstraram disposi\u00e7\u00e3o para acelerar o progresso em dire\u00e7\u00e3o a solu\u00e7\u00f5es clim\u00e1ticas. Ele destacou que a COP no Brasil pode ser um marco nesse sentido, com pa\u00edses sinalizando an\u00fancios durante a confer\u00eancia.<\/p>\n<p>O objetivo final do governo \u00e9 que o fundo atinja US$ 125 bilh\u00f5es, com 20% (US$ 25 bilh\u00f5es) vindos de pa\u00edses soberanos e 80% (US$ 100 bilh\u00f5es) de capital privado.<\/p>\n<p>O ministro ressaltou que o Brasil tem liderado o debate sobre sustentabilidade globalmente, tanto na COP quanto no G20, onde foi estabelecido um clube de ministros de finan\u00e7as para entregar um relat\u00f3rio sobre o tema \u00e0 COP. O Brasil busca tornar a COP um evento pragm\u00e1tico e propositivo.<\/p>\n<p><em>Fonte: agenciabrasil.ebc.com.br<\/em><\/p>\n","protected":false},"excerpt":{"rendered":"<p>O governo brasileiro mira a capta\u00e7\u00e3o de US$ 10 bilh\u00f5es em investimentos p\u00fablicos at\u00e9 o final de 2025, durante a presid\u00eancia do Brasil na Confer\u00eancia das Na\u00e7\u00f5es Unidas sobre Mudan\u00e7a do Clima. O an\u00fancio foi feito pelo ministro da Fazenda, Fernando Haddad, em S\u00e3o Paulo, nesta segunda-feira. O montante seria destinado ao Fundo Tropical das [&hellip;]<\/p>\n","protected":false},"author":1,"featured_media":27774,"comment_status":"open","ping_status":"open","sticky":false,"template":"","format":"standard","meta":{"footnotes":""},"categories":[1],"tags":[165,141,167,166,168],"class_list":{"0":"post-27773","1":"post","2":"type-post","3":"status-publish","4":"format-standard","5":"has-post-thumbnail","7":"category-tudo","8":"tag-bilhoes","9":"tag-brasil","10":"tag-cop","11":"tag-paises","12":"tag-sobre"},"_links":{"self":[{"href":"https:\/\/jm-metropole.com.br\/site\/wp-json\/wp\/v2\/posts\/27773","targetHints":{"allow":["GET"]}}],"collection":[{"href":"https:\/\/jm-metropole.com.br\/site\/wp-json\/wp\/v2\/posts"}],"about":[{"href":"https:\/\/jm-metropole.com.br\/site\/wp-json\/wp\/v2\/types\/post"}],"author":[{"embeddable":true,"href":"https:\/\/jm-metropole.com.br\/site\/wp-json\/wp\/v2\/users\/1"}],"replies":[{"embeddable":true,"href":"https:\/\/jm-metropole.com.br\/site\/wp-json\/wp\/v2\/comments?post=27773"}],"version-history":[{"count":1,"href":"https:\/\/jm-metropole.com.br\/site\/wp-json\/wp\/v2\/posts\/27773\/revisions"}],"predecessor-version":[{"id":27775,"href":"https:\/\/jm-metropole.com.br\/site\/wp-json\/wp\/v2\/posts\/27773\/revisions\/27775"}],"wp:featuredmedia":[{"embeddable":true,"href":"https:\/\/jm-metropole.com.br\/site\/wp-json\/wp\/v2\/media\/27774"}],"wp:attachment":[{"href":"https:\/\/jm-metropole.com.br\/site\/wp-json\/wp\/v2\/media?parent=27773"}],"wp:term":[{"taxonomy":"category","embeddable":true,"href":"https:\/\/jm-metropole.com.br\/site\/wp-json\/wp\/v2\/categories?post=27773"},{"taxonomy":"post_tag","embeddable":true,"href":"https:\/\/jm-metropole.com.br\/site\/wp-json\/wp\/v2\/tags?post=27773"}],"curies":[{"name":"wp","href":"https:\/\/api.w.org\/{rel}","templated":true}]}}