{"id":27769,"date":"2025-11-03T19:00:56","date_gmt":"2025-11-03T22:00:56","guid":{"rendered":"https:\/\/jm-metropole.com.br\/site\/carlo-ancelotti-anuncia-convocacao-para-amistosos-finais-de-2025\/"},"modified":"2025-11-03T19:00:59","modified_gmt":"2025-11-03T22:00:59","slug":"carlo-ancelotti-anuncia-convocacao-para-amistosos-finais-de-2025","status":"publish","type":"post","link":"https:\/\/jm-metropole.com.br\/site\/carlo-ancelotti-anuncia-convocacao-para-amistosos-finais-de-2025\/","title":{"rendered":"Carlo Ancelotti Anuncia Convoca\u00e7\u00e3o Para Amistosos Finais de 2025"},"content":{"rendered":"<p>O t\u00e9cnico Carlo Ancelotti revelou a lista de jogadores convocados para representar a sele\u00e7\u00e3o brasileira masculina de futebol nos dois \u00faltimos amistosos de 2025. Os confrontos, agendados para os dias 15 e 18 de novembro, ser\u00e3o contra Senegal e Tun\u00edsia, respectivamente, e disputados em solo europeu. Ambas as sele\u00e7\u00f5es j\u00e1 garantiram sua vaga na Copa do Mundo de 2026.<\/p>\n<p>A convoca\u00e7\u00e3o de 26 jogadores traz algumas surpresas, incluindo a primeira chamada para o lateral-esquerdo Luciano Juba, que atualmente defende o Bahia. Outro nome que retorna \u00e0 sele\u00e7\u00e3o \u00e9 o atacante Vitor Roque, do Palmeiras, que n\u00e3o era convocado desde 2023. O meio-campista Fabinho, do Al-Ittihad, da Ar\u00e1bia Saudita, tamb\u00e9m volta a vestir a amarelinha, recebendo sua primeira oportunidade sob o comando de Ancelotti.<\/p>\n<p>&#8220;Acredito que nos \u00faltimos jogos promovemos diversas mudan\u00e7as na equipe para realizar testes. Isso \u00e9 sempre positivo, faz parte de uma evolu\u00e7\u00e3o que precisamos buscar. Penso que os testes foram bem-sucedidos. Tenho um conhecimento maior dos jogadores, algo que n\u00e3o tinha antes. Vamos manter esse tipo de mudan\u00e7a nos amistosos de novembro. Acredito que terei uma equipe mais definida para esses dois jogos. Nesta convoca\u00e7\u00e3o, temos jogadores como Fabinho, Luciano Juba, que quero observar, e Vitor Roque, que vem fazendo um bom campeonato. Temos sete jogadores do Brasileir\u00e3o, o que mostra o bom n\u00edvel do campeonato e a presen\u00e7a de muitos jogadores que podem estar na sele\u00e7\u00e3o. Teremos uma equipe mais definida com esses amistosos&#8221;, declarou o treinador.<\/p>\n<p>A sele\u00e7\u00e3o se apresentar\u00e1 em Londres no dia 10 de novembro, onde enfrentar\u00e1 o Senegal no dia 13, no Emirates Stadium. No dia 16, o advers\u00e1rio ser\u00e1 a Tun\u00edsia, em Lille, Fran\u00e7a.<\/p>\n<p>Ancelotti tamb\u00e9m comentou sobre a volta do zagueiro Fabr\u00edcio Bruno, do Cruzeiro, apesar de uma atua\u00e7\u00e3o abaixo do esperado contra o Jap\u00e3o em outubro. &#8220;Ele ficou muito chateado ap\u00f3s o jogo contra o Jap\u00e3o, mas a avalia\u00e7\u00e3o da comiss\u00e3o t\u00e9cnica n\u00e3o se baseia apenas em um erro isolado. Levamos em conta o bom desempenho que ele vem apresentando em diversos jogos. Confiamos nele e em suas qualidades. Acreditamos que o erro \u00e9 uma oportunidade de aprendizado&#8221;, explicou.<\/p>\n<p>Ainda antes da Copa do Mundo de 2026, o Brasil ter\u00e1 outras duas Datas Fifa para se preparar. Em mar\u00e7o, a sele\u00e7\u00e3o disputar\u00e1 dois amistosos contra sele\u00e7\u00f5es europeias nos Estados Unidos. Em junho, os treinos ser\u00e3o na Granja Comary, com a possibilidade de um \u00faltimo amistoso no Brasil antes do Mundial.<\/p>\n<p><em>Fonte: agenciabrasil.ebc.com.br<\/em><\/p>\n","protected":false},"excerpt":{"rendered":"<p>O t\u00e9cnico Carlo Ancelotti revelou a lista de jogadores convocados para representar a sele\u00e7\u00e3o brasileira masculina de futebol nos dois \u00faltimos amistosos de 2025. Os confrontos, agendados para os dias 15 e 18 de novembro, ser\u00e3o contra Senegal e Tun\u00edsia, respectivamente, e disputados em solo europeu. Ambas as sele\u00e7\u00f5es j\u00e1 garantiram sua vaga na Copa [&hellip;]<\/p>\n","protected":false},"author":1,"featured_media":27770,"comment_status":"open","ping_status":"open","sticky":false,"template":"","format":"standard","meta":{"footnotes":""},"categories":[12],"tags":[163,164,161,162,140],"class_list":{"0":"post-27769","1":"post","2":"type-post","3":"status-publish","4":"format-standard","5":"has-post-thumbnail","7":"category-esporte","8":"tag-amistosos","9":"tag-contra","10":"tag-jogadores","11":"tag-nos","12":"tag-selecao"},"_links":{"self":[{"href":"https:\/\/jm-metropole.com.br\/site\/wp-json\/wp\/v2\/posts\/27769","targetHints":{"allow":["GET"]}}],"collection":[{"href":"https:\/\/jm-metropole.com.br\/site\/wp-json\/wp\/v2\/posts"}],"about":[{"href":"https:\/\/jm-metropole.com.br\/site\/wp-json\/wp\/v2\/types\/post"}],"author":[{"embeddable":true,"href":"https:\/\/jm-metropole.com.br\/site\/wp-json\/wp\/v2\/users\/1"}],"replies":[{"embeddable":true,"href":"https:\/\/jm-metropole.com.br\/site\/wp-json\/wp\/v2\/comments?post=27769"}],"version-history":[{"count":1,"href":"https:\/\/jm-metropole.com.br\/site\/wp-json\/wp\/v2\/posts\/27769\/revisions"}],"predecessor-version":[{"id":27771,"href":"https:\/\/jm-metropole.com.br\/site\/wp-json\/wp\/v2\/posts\/27769\/revisions\/27771"}],"wp:featuredmedia":[{"embeddable":true,"href":"https:\/\/jm-metropole.com.br\/site\/wp-json\/wp\/v2\/media\/27770"}],"wp:attachment":[{"href":"https:\/\/jm-metropole.com.br\/site\/wp-json\/wp\/v2\/media?parent=27769"}],"wp:term":[{"taxonomy":"category","embeddable":true,"href":"https:\/\/jm-metropole.com.br\/site\/wp-json\/wp\/v2\/categories?post=27769"},{"taxonomy":"post_tag","embeddable":true,"href":"https:\/\/jm-metropole.com.br\/site\/wp-json\/wp\/v2\/tags?post=27769"}],"curies":[{"name":"wp","href":"https:\/\/api.w.org\/{rel}","templated":true}]}}