{"id":27742,"date":"2025-10-31T19:00:54","date_gmt":"2025-10-31T22:00:54","guid":{"rendered":"https:\/\/jm-metropole.com.br\/site\/tenis-luisa-stefani-representa-o-brasil-no-wta-finals-em-riad\/"},"modified":"2025-10-31T19:00:57","modified_gmt":"2025-10-31T22:00:57","slug":"tenis-luisa-stefani-representa-o-brasil-no-wta-finals-em-riad","status":"publish","type":"post","link":"https:\/\/jm-metropole.com.br\/site\/tenis-luisa-stefani-representa-o-brasil-no-wta-finals-em-riad\/","title":{"rendered":"T\u00eanis: Luisa Stefani Representa o Brasil no WTA Finals em Riad"},"content":{"rendered":"<p>Ap\u00f3s um hiato de tr\u00eas anos, o Brasil volta a ter uma representante no WTA Finals, marcando o in\u00edcio da competi\u00e7\u00e3o neste s\u00e1bado, em Riad, Ar\u00e1bia Saudita. Entre as melhores tenistas da temporada, Luisa Stefani, de S\u00e3o Paulo, competir\u00e1 no torneio de duplas ao lado da h\u00fangara Timea Babos. Elas est\u00e3o entre as oito duplas na disputa pelo t\u00edtulo de melhor do ano. A \u00faltima participa\u00e7\u00e3o brasileira no evento foi em 2022, com Beatriz Haddad Maia.<\/p>\n<p>Stefani e Babos, como cabe\u00e7as de chave n\u00famero 7, enfrentar\u00e3o a dupla da americana Taylor Townsend e da tcheca Katerina Siniakov\u00e1, campe\u00e3s do Aberto da Austr\u00e1lia e cabe\u00e7as de chave n\u00famero 2, em sua estreia no domingo. O jogo est\u00e1 agendado para come\u00e7ar \u00e0s 13h40 (hor\u00e1rio de Bras\u00edlia).<\/p>\n<p>No mesmo grupo, nomeado Liezel Huber, est\u00e3o as duplas formadas pela canadense Gabriela Dabrowski com a neozelandesa Erin Routliffe (cabe\u00e7a de chave 3) e a parceria russa de Diana Shnaider com Mirra Andreeva. As demais quatro duplas competir\u00e3o no Grupo Martina Navratilova.<\/p>\n<p>O regulamento do torneio prev\u00ea que as duplas se enfrentem dentro de seus respectivos grupos, e as duas melhores de cada grupo avan\u00e7ar\u00e3o para as semifinais.<\/p>\n<p>A parceria entre Stefani e Babos garantiu sua vaga no Finals ap\u00f3s uma temporada de destaque, conquistando tr\u00eas t\u00edtulos, incluindo o WTA 250 SP Open, em S\u00e3o Paulo, e dois WTA 500 em Linz, na \u00c1ustria, e Estrasburgo, na Fran\u00e7a.<\/p>\n<p>No torneio de simples, a bielorrussa Aryna Sabalenka, n\u00famero 1 do mundo, busca seu primeiro t\u00edtulo do Finals, enquanto a atual campe\u00e3, a americana Coco Gauff, tentar\u00e1 defender o t\u00edtulo.<\/p>\n<p><em>Fonte: agenciabrasil.ebc.com.br<\/em><\/p>\n","protected":false},"excerpt":{"rendered":"<p>Ap\u00f3s um hiato de tr\u00eas anos, o Brasil volta a ter uma representante no WTA Finals, marcando o in\u00edcio da competi\u00e7\u00e3o neste s\u00e1bado, em Riad, Ar\u00e1bia Saudita. Entre as melhores tenistas da temporada, Luisa Stefani, de S\u00e3o Paulo, competir\u00e1 no torneio de duplas ao lado da h\u00fangara Timea Babos. Elas est\u00e3o entre as oito duplas [&hellip;]<\/p>\n","protected":false},"author":1,"featured_media":27743,"comment_status":"open","ping_status":"open","sticky":false,"template":"","format":"standard","meta":{"footnotes":""},"categories":[12],"tags":[126,129,128,130,127],"class_list":{"0":"post-27742","1":"post","2":"type-post","3":"status-publish","4":"format-standard","5":"has-post-thumbnail","7":"category-esporte","8":"tag-duplas","9":"tag-entre","10":"tag-finals","11":"tag-stefani","12":"tag-wta"},"_links":{"self":[{"href":"https:\/\/jm-metropole.com.br\/site\/wp-json\/wp\/v2\/posts\/27742","targetHints":{"allow":["GET"]}}],"collection":[{"href":"https:\/\/jm-metropole.com.br\/site\/wp-json\/wp\/v2\/posts"}],"about":[{"href":"https:\/\/jm-metropole.com.br\/site\/wp-json\/wp\/v2\/types\/post"}],"author":[{"embeddable":true,"href":"https:\/\/jm-metropole.com.br\/site\/wp-json\/wp\/v2\/users\/1"}],"replies":[{"embeddable":true,"href":"https:\/\/jm-metropole.com.br\/site\/wp-json\/wp\/v2\/comments?post=27742"}],"version-history":[{"count":1,"href":"https:\/\/jm-metropole.com.br\/site\/wp-json\/wp\/v2\/posts\/27742\/revisions"}],"predecessor-version":[{"id":27744,"href":"https:\/\/jm-metropole.com.br\/site\/wp-json\/wp\/v2\/posts\/27742\/revisions\/27744"}],"wp:featuredmedia":[{"embeddable":true,"href":"https:\/\/jm-metropole.com.br\/site\/wp-json\/wp\/v2\/media\/27743"}],"wp:attachment":[{"href":"https:\/\/jm-metropole.com.br\/site\/wp-json\/wp\/v2\/media?parent=27742"}],"wp:term":[{"taxonomy":"category","embeddable":true,"href":"https:\/\/jm-metropole.com.br\/site\/wp-json\/wp\/v2\/categories?post=27742"},{"taxonomy":"post_tag","embeddable":true,"href":"https:\/\/jm-metropole.com.br\/site\/wp-json\/wp\/v2\/tags?post=27742"}],"curies":[{"name":"wp","href":"https:\/\/api.w.org\/{rel}","templated":true}]}}