{"id":27733,"date":"2025-10-31T12:00:49","date_gmt":"2025-10-31T15:00:49","guid":{"rendered":"https:\/\/jm-metropole.com.br\/site\/desemprego-no-brasil-atinge-minima-historica-em-setembro\/"},"modified":"2025-10-31T12:00:52","modified_gmt":"2025-10-31T15:00:52","slug":"desemprego-no-brasil-atinge-minima-historica-em-setembro","status":"publish","type":"post","link":"https:\/\/jm-metropole.com.br\/site\/desemprego-no-brasil-atinge-minima-historica-em-setembro\/","title":{"rendered":"Desemprego no Brasil Atinge M\u00ednima Hist\u00f3rica em Setembro"},"content":{"rendered":"<p>A taxa de desemprego no Brasil atingiu 5,6% no trimestre encerrado em setembro, igualando a menor taxa registrada desde o in\u00edcio da s\u00e9rie hist\u00f3rica em 2012. Os dados foram apurados pela Pesquisa Nacional por Amostra de Domic\u00edlios Cont\u00ednua.<\/p>\n<p>O levantamento aponta que a popula\u00e7\u00e3o desocupada no pa\u00eds totalizou 6,045 milh\u00f5es de pessoas, representando o menor contingente da s\u00e9rie. Houve uma queda de 3,3% em rela\u00e7\u00e3o ao trimestre anterior e um decl\u00ednio de 11,8% na compara\u00e7\u00e3o com o mesmo per\u00edodo de 2024.<\/p>\n<p>A popula\u00e7\u00e3o ocupada se manteve est\u00e1vel, acima de 102 milh\u00f5es de pessoas, permanecendo em patamar recorde, com o n\u00edvel de ocupa\u00e7\u00e3o fixado em 58,7%.<\/p>\n<p>O n\u00famero de empregados com carteira assinada tamb\u00e9m alcan\u00e7ou um novo recorde, atingindo a marca de 39,2 milh\u00f5es.<\/p>\n<p>A pesquisa revela ainda que a renda m\u00e9dia real do trabalhador foi de R$ 3.507 no trimestre encerrado em setembro. Este valor representa um aumento de 4% em rela\u00e7\u00e3o ao mesmo trimestre de 2024.<\/p>\n<p><em>Fonte: agenciabrasil.ebc.com.br<\/em><\/p>\n","protected":false},"excerpt":{"rendered":"<p>A taxa de desemprego no Brasil atingiu 5,6% no trimestre encerrado em setembro, igualando a menor taxa registrada desde o in\u00edcio da s\u00e9rie hist\u00f3rica em 2012. Os dados foram apurados pela Pesquisa Nacional por Amostra de Domic\u00edlios Cont\u00ednua. O levantamento aponta que a popula\u00e7\u00e3o desocupada no pa\u00eds totalizou 6,045 milh\u00f5es de pessoas, representando o menor [&hellip;]<\/p>\n","protected":false},"author":1,"featured_media":27734,"comment_status":"open","ping_status":"open","sticky":false,"template":"","format":"standard","meta":{"footnotes":""},"categories":[1],"tags":[116,114,99,115,113],"class_list":{"0":"post-27733","1":"post","2":"type-post","3":"status-publish","4":"format-standard","5":"has-post-thumbnail","7":"category-tudo","8":"tag-encerrado","9":"tag-milhoes","10":"tag-setembro","11":"tag-taxa","12":"tag-trimestre"},"_links":{"self":[{"href":"https:\/\/jm-metropole.com.br\/site\/wp-json\/wp\/v2\/posts\/27733","targetHints":{"allow":["GET"]}}],"collection":[{"href":"https:\/\/jm-metropole.com.br\/site\/wp-json\/wp\/v2\/posts"}],"about":[{"href":"https:\/\/jm-metropole.com.br\/site\/wp-json\/wp\/v2\/types\/post"}],"author":[{"embeddable":true,"href":"https:\/\/jm-metropole.com.br\/site\/wp-json\/wp\/v2\/users\/1"}],"replies":[{"embeddable":true,"href":"https:\/\/jm-metropole.com.br\/site\/wp-json\/wp\/v2\/comments?post=27733"}],"version-history":[{"count":1,"href":"https:\/\/jm-metropole.com.br\/site\/wp-json\/wp\/v2\/posts\/27733\/revisions"}],"predecessor-version":[{"id":27735,"href":"https:\/\/jm-metropole.com.br\/site\/wp-json\/wp\/v2\/posts\/27733\/revisions\/27735"}],"wp:featuredmedia":[{"embeddable":true,"href":"https:\/\/jm-metropole.com.br\/site\/wp-json\/wp\/v2\/media\/27734"}],"wp:attachment":[{"href":"https:\/\/jm-metropole.com.br\/site\/wp-json\/wp\/v2\/media?parent=27733"}],"wp:term":[{"taxonomy":"category","embeddable":true,"href":"https:\/\/jm-metropole.com.br\/site\/wp-json\/wp\/v2\/categories?post=27733"},{"taxonomy":"post_tag","embeddable":true,"href":"https:\/\/jm-metropole.com.br\/site\/wp-json\/wp\/v2\/tags?post=27733"}],"curies":[{"name":"wp","href":"https:\/\/api.w.org\/{rel}","templated":true}]}}