{"id":27724,"date":"2025-10-30T18:00:53","date_gmt":"2025-10-30T21:00:53","guid":{"rendered":"https:\/\/jm-metropole.com.br\/site\/brasil-cria-213-mil-empregos-formais-em-setembro-aponta-caged\/"},"modified":"2025-10-30T18:00:55","modified_gmt":"2025-10-30T21:00:55","slug":"brasil-cria-213-mil-empregos-formais-em-setembro-aponta-caged","status":"publish","type":"post","link":"https:\/\/jm-metropole.com.br\/site\/brasil-cria-213-mil-empregos-formais-em-setembro-aponta-caged\/","title":{"rendered":"Brasil Cria 213 Mil Empregos Formais em Setembro, Aponta Caged"},"content":{"rendered":"<p>O mercado de trabalho brasileiro apresentou um saldo positivo de 213.002 postos de trabalho com carteira assinada em setembro, de acordo com dados do Cadastro Geral de Empregados e Desempregados (Caged), do Minist\u00e9rio do Trabalho e Emprego. Esse n\u00famero representa a diferen\u00e7a entre o total de contrata\u00e7\u00f5es e demiss\u00f5es no per\u00edodo.<\/p>\n<p>O resultado de setembro supera o desempenho de agosto, quando foram criados 147.358 empregos formais no pa\u00eds. Contudo, houve uma queda de 15,6% na cria\u00e7\u00e3o de empregos em rela\u00e7\u00e3o a setembro do ano anterior. Em setembro de 2024, foram criados 252.237 postos de trabalho.<\/p>\n<p>Apesar da queda em rela\u00e7\u00e3o ao ano passado, o total de vagas criadas em setembro de 2025 \u00e9 superior ao de setembro de 2023, quando foram abertas 204.720 vagas.<\/p>\n<p>Todos os cinco setores de atividade econ\u00f4mica analisados pelo Caged apresentaram saldo positivo na cria\u00e7\u00e3o de empregos formais em setembro. O setor de servi\u00e7os liderou com a abertura de 106.606 postos, seguido pela ind\u00fastria, com 43.095, e pelo com\u00e9rcio, com 36.280. A constru\u00e7\u00e3o civil criou 23.855 vagas e a agropecu\u00e1ria, 3.167.<\/p>\n<p>Dentro do setor de servi\u00e7os, destacaram-se os segmentos de informa\u00e7\u00e3o, comunica\u00e7\u00e3o e atividades financeiras, imobili\u00e1rias, profissionais e administrativas, que juntos criaram 52.873 postos. A administra\u00e7\u00e3o p\u00fablica, defesa, seguridade social, educa\u00e7\u00e3o, sa\u00fade humana e servi\u00e7os sociais abriram 16.985 vagas.<\/p>\n<p>Na ind\u00fastria, o destaque foi a ind\u00fastria de transforma\u00e7\u00e3o, com 39.305 novas vagas.<\/p>\n<p>Todas as cinco regi\u00f5es do pa\u00eds registraram saldo positivo na cria\u00e7\u00e3o de vagas formais em setembro. O Sudeste liderou com 80.639 postos, seguido pelo Nordeste, com 72.347, o Sul, com 27.302, o Norte, com 18.151, e o Centro-Oeste, com 14.569.<\/p>\n<p>Todas as unidades da Federa\u00e7\u00e3o tamb\u00e9m apresentaram saldo positivo. S\u00e3o Paulo liderou com a cria\u00e7\u00e3o de 49.052 postos, seguido pelo Rio de Janeiro (16.009) e Pernambuco (15.602). Os menores saldos foram registrados no Acre (845), Amap\u00e1 (735) e Roraima (295).<\/p>\n<p>No acumulado de janeiro a setembro, foram registradas 1.716.600 vagas formais em 2025, contra 1.995.164 no mesmo per\u00edodo de 2024.<\/p>\n<p><em>Fonte: agenciabrasil.ebc.com.br<\/em><\/p>\n","protected":false},"excerpt":{"rendered":"<p>O mercado de trabalho brasileiro apresentou um saldo positivo de 213.002 postos de trabalho com carteira assinada em setembro, de acordo com dados do Cadastro Geral de Empregados e Desempregados (Caged), do Minist\u00e9rio do Trabalho e Emprego. Esse n\u00famero representa a diferen\u00e7a entre o total de contrata\u00e7\u00f5es e demiss\u00f5es no per\u00edodo. O resultado de setembro [&hellip;]<\/p>\n","protected":false},"author":1,"featured_media":27725,"comment_status":"open","ping_status":"open","sticky":false,"template":"","format":"standard","meta":{"footnotes":""},"categories":[1],"tags":[102,101,99,103,100],"class_list":{"0":"post-27724","1":"post","2":"type-post","3":"status-publish","4":"format-standard","5":"has-post-thumbnail","7":"category-tudo","8":"tag-foram","9":"tag-postos","10":"tag-setembro","11":"tag-trabalho","12":"tag-vagas"},"_links":{"self":[{"href":"https:\/\/jm-metropole.com.br\/site\/wp-json\/wp\/v2\/posts\/27724","targetHints":{"allow":["GET"]}}],"collection":[{"href":"https:\/\/jm-metropole.com.br\/site\/wp-json\/wp\/v2\/posts"}],"about":[{"href":"https:\/\/jm-metropole.com.br\/site\/wp-json\/wp\/v2\/types\/post"}],"author":[{"embeddable":true,"href":"https:\/\/jm-metropole.com.br\/site\/wp-json\/wp\/v2\/users\/1"}],"replies":[{"embeddable":true,"href":"https:\/\/jm-metropole.com.br\/site\/wp-json\/wp\/v2\/comments?post=27724"}],"version-history":[{"count":1,"href":"https:\/\/jm-metropole.com.br\/site\/wp-json\/wp\/v2\/posts\/27724\/revisions"}],"predecessor-version":[{"id":27726,"href":"https:\/\/jm-metropole.com.br\/site\/wp-json\/wp\/v2\/posts\/27724\/revisions\/27726"}],"wp:featuredmedia":[{"embeddable":true,"href":"https:\/\/jm-metropole.com.br\/site\/wp-json\/wp\/v2\/media\/27725"}],"wp:attachment":[{"href":"https:\/\/jm-metropole.com.br\/site\/wp-json\/wp\/v2\/media?parent=27724"}],"wp:term":[{"taxonomy":"category","embeddable":true,"href":"https:\/\/jm-metropole.com.br\/site\/wp-json\/wp\/v2\/categories?post=27724"},{"taxonomy":"post_tag","embeddable":true,"href":"https:\/\/jm-metropole.com.br\/site\/wp-json\/wp\/v2\/tags?post=27724"}],"curies":[{"name":"wp","href":"https:\/\/api.w.org\/{rel}","templated":true}]}}