{"id":27718,"date":"2025-10-30T14:39:10","date_gmt":"2025-10-30T17:39:10","guid":{"rendered":"https:\/\/jm-metropole.com.br\/site\/lula-aposta-em-biocombustiveis-para-impulsionar-exportacoes-e-descarbonizacao-brasileira\/"},"modified":"2025-10-30T14:39:12","modified_gmt":"2025-10-30T17:39:12","slug":"lula-aposta-em-biocombustiveis-para-impulsionar-exportacoes-e-descarbonizacao-brasileira","status":"publish","type":"post","link":"https:\/\/jm-metropole.com.br\/site\/lula-aposta-em-biocombustiveis-para-impulsionar-exportacoes-e-descarbonizacao-brasileira\/","title":{"rendered":"Lula Aposta em Biocombust\u00edveis para Impulsionar Exporta\u00e7\u00f5es e Descarboniza\u00e7\u00e3o Brasileira"},"content":{"rendered":"<p>O presidente Luiz In\u00e1cio Lula da Silva demonstrou forte interesse em transformar os biocombust\u00edveis em um dos principais produtos de exporta\u00e7\u00e3o do Brasil. Em reuni\u00e3o no Pal\u00e1cio do Planalto, Lula se encontrou com o CEO da Be8, Erasmo Carlos Battistella, e com o presidente da Mercedes-Benz do Brasil e Am\u00e9rica Latina, Denis G\u00fcven, para discutir o potencial do setor.<\/p>\n<p>O encontro teve como destaque a apresenta\u00e7\u00e3o dos caminh\u00f5es e \u00f4nibus da Rota Sustent\u00e1vel COP30, ve\u00edculos que utilizam o biocombust\u00edvel Be8 BeVant. Este combust\u00edvel promete uma redu\u00e7\u00e3o de at\u00e9 99% nas emiss\u00f5es de gases de efeito estufa em compara\u00e7\u00e3o com o diesel f\u00f3ssil. A Rota Sustent\u00e1vel COP30 tem como objetivo testar o novo biocombust\u00edvel em ve\u00edculos da Mercedes-Benz, comparando seu desempenho com ve\u00edculos utilizando diesel B15 (mistura de 15% de biodiesel no diesel). A rota partiu de Passo Fundo (RS) com destino a Bel\u00e9m (PA), onde ser\u00e1 realizada a COP30, totalizando cerca de 4 mil quil\u00f4metros.<\/p>\n<p>Battistella destacou que o BeVant pode substituir o \u00f3leo diesel em diversos tipos de motores, especialmente em rotas de longas dist\u00e2ncias onde a eletrifica\u00e7\u00e3o se mostra mais desafiadora. O CEO da Be8 solicitou ao presidente apoio para promover os biocombust\u00edveis como uma prioridade na pauta de exporta\u00e7\u00f5es brasileira, junto ao MDIC e \u00e0 Apex.<\/p>\n<p>Lula, por sua vez, sugeriu que os testes com o biocombust\u00edvel sejam expandidos para ve\u00edculos produzidos pela Mercedes-Benz na Alemanha, visando avaliar de forma mais abrangente a redu\u00e7\u00e3o de emiss\u00f5es. Ele vislumbra a possibilidade de o Brasil se tornar um exportador de biocombust\u00edveis para o mercado global.<\/p>\n<p>Apesar do foco nos biocombust\u00edveis, Lula ressaltou a import\u00e2ncia de uma transi\u00e7\u00e3o energ\u00e9tica gradual, mencionando a continuidade da explora\u00e7\u00e3o de petr\u00f3leo na Margem Equatorial, no Norte do pa\u00eds, com a devida aten\u00e7\u00e3o \u00e0s quest\u00f5es ambientais. A Petrobras obteve licen\u00e7a para iniciar pesquisas explorat\u00f3rias na regi\u00e3o, vista como um novo pr\u00e9-sal. Lula enfatizou que os recursos obtidos com o petr\u00f3leo ser\u00e3o investidos na transi\u00e7\u00e3o energ\u00e9tica, transformando a Petrobras em uma empresa de energia abrangente.<\/p>\n<p><em>Fonte: agenciabrasil.ebc.com.br<\/em><\/p>\n","protected":false},"excerpt":{"rendered":"<p>O presidente Luiz In\u00e1cio Lula da Silva demonstrou forte interesse em transformar os biocombust\u00edveis em um dos principais produtos de exporta\u00e7\u00e3o do Brasil. Em reuni\u00e3o no Pal\u00e1cio do Planalto, Lula se encontrou com o CEO da Be8, Erasmo Carlos Battistella, e com o presidente da Mercedes-Benz do Brasil e Am\u00e9rica Latina, Denis G\u00fcven, para discutir [&hellip;]<\/p>\n","protected":false},"author":1,"featured_media":27719,"comment_status":"open","ping_status":"open","sticky":false,"template":"","format":"standard","meta":{"footnotes":""},"categories":[1],"tags":[90,92,89,93,91],"class_list":{"0":"post-27718","1":"post","2":"type-post","3":"status-publish","4":"format-standard","5":"has-post-thumbnail","7":"category-tudo","8":"tag-biocombustiveis","9":"tag-diesel","10":"tag-lula","11":"tag-presidente","12":"tag-veiculos"},"_links":{"self":[{"href":"https:\/\/jm-metropole.com.br\/site\/wp-json\/wp\/v2\/posts\/27718","targetHints":{"allow":["GET"]}}],"collection":[{"href":"https:\/\/jm-metropole.com.br\/site\/wp-json\/wp\/v2\/posts"}],"about":[{"href":"https:\/\/jm-metropole.com.br\/site\/wp-json\/wp\/v2\/types\/post"}],"author":[{"embeddable":true,"href":"https:\/\/jm-metropole.com.br\/site\/wp-json\/wp\/v2\/users\/1"}],"replies":[{"embeddable":true,"href":"https:\/\/jm-metropole.com.br\/site\/wp-json\/wp\/v2\/comments?post=27718"}],"version-history":[{"count":1,"href":"https:\/\/jm-metropole.com.br\/site\/wp-json\/wp\/v2\/posts\/27718\/revisions"}],"predecessor-version":[{"id":27720,"href":"https:\/\/jm-metropole.com.br\/site\/wp-json\/wp\/v2\/posts\/27718\/revisions\/27720"}],"wp:featuredmedia":[{"embeddable":true,"href":"https:\/\/jm-metropole.com.br\/site\/wp-json\/wp\/v2\/media\/27719"}],"wp:attachment":[{"href":"https:\/\/jm-metropole.com.br\/site\/wp-json\/wp\/v2\/media?parent=27718"}],"wp:term":[{"taxonomy":"category","embeddable":true,"href":"https:\/\/jm-metropole.com.br\/site\/wp-json\/wp\/v2\/categories?post=27718"},{"taxonomy":"post_tag","embeddable":true,"href":"https:\/\/jm-metropole.com.br\/site\/wp-json\/wp\/v2\/tags?post=27718"}],"curies":[{"name":"wp","href":"https:\/\/api.w.org\/{rel}","templated":true}]}}