{"id":27665,"date":"2025-10-21T09:57:26","date_gmt":"2025-10-21T12:57:26","guid":{"rendered":"https:\/\/jm-metropole.com.br\/site\/?p=27665"},"modified":"2025-10-21T09:57:26","modified_gmt":"2025-10-21T12:57:26","slug":"sessoes-de-cinema-gratuitas-e-experiencias-de-realidade-virtual-no-metro-de-sp","status":"publish","type":"post","link":"https:\/\/jm-metropole.com.br\/site\/sessoes-de-cinema-gratuitas-e-experiencias-de-realidade-virtual-no-metro-de-sp\/","title":{"rendered":"Sess\u00f5es de cinema gratuitas e experi\u00eancias de realidade virtual no Metr\u00f4 de SP"},"content":{"rendered":"<div class=\"elementor-element elementor-element-4784657 elementor-widget__width-initial elementor-widget elementor-widget-theme-post-excerpt\" data-id=\"4784657\" data-element_type=\"widget\" data-widget_type=\"theme-post-excerpt.default\">\n<div class=\"elementor-widget-container\">A\u00e7\u00e3o faz parte da 49\u00aa Mostra Internacional de Cinema, que tem o Metr\u00f4 como transporte oficial<\/div>\n<\/div>\n<div class=\"elementor-element elementor-element-4b063fb elementor-widget elementor-widget-image\" data-id=\"4b063fb\" data-element_type=\"widget\" data-widget_type=\"image.default\"><\/div>\n<div data-id=\"4b063fb\" data-element_type=\"widget\" data-widget_type=\"image.default\">\n<p>A partir desta segunda-feira (20), o Metr\u00f4 se transforma em uma extens\u00e3o da 49\u00aa Mostra Internacional de Cinema e recebe sess\u00f5es de cinema e realidade virtual. Al\u00e9m de ser o transporte oficial do evento, o Metr\u00f4 oferece aos passageiros uma oportunidade de vivenciar a Mostra sem sair do sistema metroferrovi\u00e1rio.<\/p>\n<h2 class=\"wp-block-heading\">Confira a programa\u00e7\u00e3o:<\/h2>\n<p><strong>Mostrinha na Rep\u00fablica<\/strong><\/p>\n<p>Nos dias 20 (segunda) e 21 (ter\u00e7a-feira) de outubro, a Esta\u00e7\u00e3o Rep\u00fablica (Linha 3-Vermelha) ter\u00e1 sess\u00f5es de cinema gratuito com uma programa\u00e7\u00e3o voltada ao p\u00fablico infantil. As produ\u00e7\u00f5es \u201cWallace &amp; Grommit\u201d, \u201cTimmy e Seus Amigos\u201d e \u201cShaun, o Carneiro\u201d fazem parte da \u201cMostrinha\u201d, que tem o intuito de aproximar as crian\u00e7as do universo cinematogr\u00e1fico. As sess\u00f5es ocorrer\u00e3o das 14h \u00e0s 19h.<\/p>\n<p><strong>Realidade Virtual<\/strong><\/p>\n<p>Nos dias 22 (quarta) e 23 (quinta-feira), na Esta\u00e7\u00e3o Luz (Linha 1-Azul), e nos dias 27 (segunda) e 28 (ter\u00e7a-feira), na Esta\u00e7\u00e3o Corinthians-Itaquera (Linha 3-Vermelha), os passageiros poder\u00e3o embarcar em experi\u00eancias imersivas de curtas-metragens de realidade virtual da 49\u00aa Mostra Internacional de Cinema. As sess\u00f5es acontecer\u00e3o entre 12h30 e 20h30.<\/p>\n<p>Com a tecnologia de realidade virtual, os participantes ser\u00e3o transportados para ambientes em 360 graus, vivenciando hist\u00f3rias envolventes e explorando novos mundos sem sair do lugar.<\/p>\n<p>Entre os filmes exibidos, est\u00e3o Os gatos \u00e0s 8 da noite, um retrato do processo de luto de um cartunista atrav\u00e9s de fragmentos de sua imagina\u00e7\u00e3o, mem\u00f3ria ou sonho; O Grande Cubo, que explora um mundo abstrato com formas geom\u00e9tricas fazendo o espectador refletir a perspectiva de espa\u00e7o f\u00edsico e interior; e Golfinhos, uma viagem imersiva \u00e0 vida marinha.<\/p>\n<hr class=\"wp-block-separator has-alpha-channel-opacity\" \/>\n<p><strong>Servi\u00e7os:<\/strong><br \/>\n<strong>A\u00e7\u00e3o: Mostrinha<\/strong><br \/>\nData: 20 e 21\/10, das 14h \u00e0s 19h<br \/>\nLocal: Esta\u00e7\u00e3o Rep\u00fablica, Linha 3-Vermelha<\/p>\n<p><strong>A\u00e7\u00e3o: Realidade Virtual<\/strong><br \/>\nData: 22 e 23\/10, das 12h30 \u00e0s 20h30<br \/>\nLocal: Esta\u00e7\u00e3o Luz, Linha 1-Azul<\/p>\n<p><strong>A\u00e7\u00e3o: Realidade Virtual<\/strong><br \/>\nData: 27 e 28\/10, das 12h30 \u00e0s 20h30<br \/>\nLocal: Esta\u00e7\u00e3o Corinthians-Itaquera, Linha 3-Vermelha<\/p>\n<p>*Com informa\u00e7\u00f5es de Ag\u00eancia SP<\/p>\n<\/div>\n","protected":false},"excerpt":{"rendered":"<p>A\u00e7\u00e3o faz parte da 49\u00aa Mostra Internacional de Cinema, que tem o Metr\u00f4 como transporte oficial A partir desta segunda-feira (20), o Metr\u00f4 se transforma em uma extens\u00e3o da 49\u00aa Mostra Internacional de Cinema e recebe sess\u00f5es de cinema e realidade virtual. Al\u00e9m de ser o transporte oficial do evento, o Metr\u00f4 oferece aos passageiros [&hellip;]<\/p>\n","protected":false},"author":1,"featured_media":27666,"comment_status":"open","ping_status":"open","sticky":false,"template":"","format":"standard","meta":{"footnotes":""},"categories":[48],"tags":[],"class_list":{"0":"post-27665","1":"post","2":"type-post","3":"status-publish","4":"format-standard","5":"has-post-thumbnail","7":"category-geral"},"_links":{"self":[{"href":"https:\/\/jm-metropole.com.br\/site\/wp-json\/wp\/v2\/posts\/27665","targetHints":{"allow":["GET"]}}],"collection":[{"href":"https:\/\/jm-metropole.com.br\/site\/wp-json\/wp\/v2\/posts"}],"about":[{"href":"https:\/\/jm-metropole.com.br\/site\/wp-json\/wp\/v2\/types\/post"}],"author":[{"embeddable":true,"href":"https:\/\/jm-metropole.com.br\/site\/wp-json\/wp\/v2\/users\/1"}],"replies":[{"embeddable":true,"href":"https:\/\/jm-metropole.com.br\/site\/wp-json\/wp\/v2\/comments?post=27665"}],"version-history":[{"count":1,"href":"https:\/\/jm-metropole.com.br\/site\/wp-json\/wp\/v2\/posts\/27665\/revisions"}],"predecessor-version":[{"id":27667,"href":"https:\/\/jm-metropole.com.br\/site\/wp-json\/wp\/v2\/posts\/27665\/revisions\/27667"}],"wp:featuredmedia":[{"embeddable":true,"href":"https:\/\/jm-metropole.com.br\/site\/wp-json\/wp\/v2\/media\/27666"}],"wp:attachment":[{"href":"https:\/\/jm-metropole.com.br\/site\/wp-json\/wp\/v2\/media?parent=27665"}],"wp:term":[{"taxonomy":"category","embeddable":true,"href":"https:\/\/jm-metropole.com.br\/site\/wp-json\/wp\/v2\/categories?post=27665"},{"taxonomy":"post_tag","embeddable":true,"href":"https:\/\/jm-metropole.com.br\/site\/wp-json\/wp\/v2\/tags?post=27665"}],"curies":[{"name":"wp","href":"https:\/\/api.w.org\/{rel}","templated":true}]}}