{"id":27472,"date":"2025-10-02T20:14:08","date_gmt":"2025-10-02T23:14:08","guid":{"rendered":"https:\/\/jm-metropole.com.br\/site\/?p=27472"},"modified":"2025-10-02T20:14:08","modified_gmt":"2025-10-02T23:14:08","slug":"fielconecta-networking-e-oportunidades-de-negocios-na-neo-quimica-arena","status":"publish","type":"post","link":"https:\/\/jm-metropole.com.br\/site\/fielconecta-networking-e-oportunidades-de-negocios-na-neo-quimica-arena\/","title":{"rendered":"FIELConecta: Networking e Oportunidades de Neg\u00f3cios na Neo Qu\u00edmica Arena"},"content":{"rendered":"<p>No dia 09 de outubro, \u00e0s 19h, a Neo Qu\u00edmica Arena recebe o FIELConecta, o maior encontro de networking profissional da Zona Leste de S\u00e3o Paulo e Guarulhos, realizado pelo HubFIEL em parceria com a Ag\u00eancia Ponte. A proposta \u00e9 reunir empreendedores e empres\u00e1rios em uma noite voltada \u00e0 inspira\u00e7\u00e3o, troca de experi\u00eancias e novas oportunidades de neg\u00f3cio.<\/p>\n<p>Com um formato din\u00e2mico e acolhedor, o FIELConecta vai al\u00e9m dos eventos tradicionais. Cada detalhe foi pensado para gerar conex\u00f5es reais, oferecer conte\u00fado de valor e criar um ambiente que estimule parcerias estrat\u00e9gicas.<\/p>\n<p>Um dos destaques da programa\u00e7\u00e3o \u00e9 a presen\u00e7a de Junior Ara\u00fajo, CEO da Perfil L\u00edder, que iniciou sua trajet\u00f3ria profissional aos 13 anos como office boy e hoje lidera uma das maiores ind\u00fastrias nacionais de perfis el\u00e9tricos e drywall, refer\u00eancia em inova\u00e7\u00e3o e crescimento.<\/p>\n<p>Al\u00e9m da palestra, os participantes ter\u00e3o a chance de ampliar sua rede de contatos em din\u00e2micas de networking e um happy hour em um dos espa\u00e7os mais emblem\u00e1ticos da cidade.<\/p>\n<p>O evento conta com o patroc\u00ednio de Van\u2019s Cake, Faixa Nobre Produ\u00e7\u00f5es, Super Chopp, Luzzona Lab e C\u00e9vis Visual Branding.<\/p>\n<h3>Servi\u00e7o \u2013 FIELConecta<\/h3>\n<h3>Data: 09 de outubro de 2025<br \/>\nHor\u00e1rio: 19h \u00e0s 22h<br \/>\nLocal: Neo Qu\u00edmica Arena \u2013 Hub FIEL &#8211; Av. Miguel Ign\u00e1cio Curi, 111 \u2013 Itaquera \u2013 S\u00e3o Paulo\/SP<br \/>\nInscri\u00e7\u00f5es: <a href=\"https:\/\/www.sympla.com.br\/evento\/fielconecta\/3095319?_gl=1*15aq69o*_gcl_au*MTY3NDE3MTg3LjE3NTYxNzQ4MTIuMTI2NjM3OTg0Ny4xNzU3NDU1OTE1LjE3NTc0NTU5MTQ.*_ga*NjA2MzYzOTQuMTc1NjE3NDgxMg..*_ga_KXH10SQTZF*czE3NTc1MTQ5NzMkbzE5JGcxJHQxNzU3NTE1MjU5JGozMCRsMCRoMTM5ODY2MDQ3MA..&amp;share_id=copiarlink\">https:\/\/www.sympla.com.br\/evento\/fielconecta\/3095319?_gl=1*15aq69o*_gcl_au*MTY3NDE3MTg3LjE3NTYxNzQ4MTIuMTI2NjM3OTg0Ny4xNzU3NDU1OTE1LjE3NTc0NTU5MTQ.*_ga*NjA2MzYzOTQuMTc1NjE3NDgxMg..*_ga_KXH10SQTZF*czE3NTc1MTQ5NzMkbzE5JGcxJHQxNzU3NTE1MjU5JGozMCRsMCRoMTM5ODY2MDQ3MA..&amp;share_id=copiarlink<\/a> <a href=\"https:\/\/www.sympla.com.br\/evento\/fielconecta\/3095319?_gl=1*10d47oy*_gcl_au*MTY3NDE3MTg3LjE3NTYxNzQ4MTIuNTExNjY3OTY1LjE3NTY5ODA3MTMuMTc1Njk4MDc1Ng..*_ga*NjA2MzYzOTQuMTc1NjE3NDgxMg..*_ga_KXH10SQTZF*czE3NTcwODg1ODkkbzYkZzEkdDE3NTcwODg2MjQkajI1JGwwJGgxNTY5MDM4ODgw&amp;share_id=copiarlink\"><br \/>\n<\/a><\/h3>\n","protected":false},"excerpt":{"rendered":"<p>No dia 09 de outubro, \u00e0s 19h, a Neo Qu\u00edmica Arena recebe o FIELConecta, o maior encontro de networking profissional da Zona Leste de S\u00e3o Paulo e Guarulhos, realizado pelo HubFIEL em parceria com a Ag\u00eancia Ponte. A proposta \u00e9 reunir empreendedores e empres\u00e1rios em uma noite voltada \u00e0 inspira\u00e7\u00e3o, troca de experi\u00eancias e novas [&hellip;]<\/p>\n","protected":false},"author":1,"featured_media":27473,"comment_status":"open","ping_status":"open","sticky":false,"template":"","format":"standard","meta":{"footnotes":""},"categories":[48],"tags":[],"class_list":{"0":"post-27472","1":"post","2":"type-post","3":"status-publish","4":"format-standard","5":"has-post-thumbnail","7":"category-geral"},"_links":{"self":[{"href":"https:\/\/jm-metropole.com.br\/site\/wp-json\/wp\/v2\/posts\/27472","targetHints":{"allow":["GET"]}}],"collection":[{"href":"https:\/\/jm-metropole.com.br\/site\/wp-json\/wp\/v2\/posts"}],"about":[{"href":"https:\/\/jm-metropole.com.br\/site\/wp-json\/wp\/v2\/types\/post"}],"author":[{"embeddable":true,"href":"https:\/\/jm-metropole.com.br\/site\/wp-json\/wp\/v2\/users\/1"}],"replies":[{"embeddable":true,"href":"https:\/\/jm-metropole.com.br\/site\/wp-json\/wp\/v2\/comments?post=27472"}],"version-history":[{"count":1,"href":"https:\/\/jm-metropole.com.br\/site\/wp-json\/wp\/v2\/posts\/27472\/revisions"}],"predecessor-version":[{"id":27474,"href":"https:\/\/jm-metropole.com.br\/site\/wp-json\/wp\/v2\/posts\/27472\/revisions\/27474"}],"wp:featuredmedia":[{"embeddable":true,"href":"https:\/\/jm-metropole.com.br\/site\/wp-json\/wp\/v2\/media\/27473"}],"wp:attachment":[{"href":"https:\/\/jm-metropole.com.br\/site\/wp-json\/wp\/v2\/media?parent=27472"}],"wp:term":[{"taxonomy":"category","embeddable":true,"href":"https:\/\/jm-metropole.com.br\/site\/wp-json\/wp\/v2\/categories?post=27472"},{"taxonomy":"post_tag","embeddable":true,"href":"https:\/\/jm-metropole.com.br\/site\/wp-json\/wp\/v2\/tags?post=27472"}],"curies":[{"name":"wp","href":"https:\/\/api.w.org\/{rel}","templated":true}]}}