{"id":27463,"date":"2025-10-02T18:13:25","date_gmt":"2025-10-02T21:13:25","guid":{"rendered":"https:\/\/jm-metropole.com.br\/site\/?p=27463"},"modified":"2025-10-02T18:13:25","modified_gmt":"2025-10-02T21:13:25","slug":"secretaria-municipal-de-turismo-e-lazer-organiza-reuniao-com-os-35-participantes-da-2a-edicao-do-concurso-gastronomico-sabores-da-cidade","status":"publish","type":"post","link":"https:\/\/jm-metropole.com.br\/site\/secretaria-municipal-de-turismo-e-lazer-organiza-reuniao-com-os-35-participantes-da-2a-edicao-do-concurso-gastronomico-sabores-da-cidade\/","title":{"rendered":"Secretaria Municipal de Turismo e Lazer organiza reuni\u00e3o com os 35 participantes da 2\u00aa edi\u00e7\u00e3o do Concurso Gastron\u00f4mico sabores da cidade."},"content":{"rendered":"<p>O Parque Cidade Natureza sediou, na manh\u00e3 desta ter\u00e7a-feira (30), uma reuni\u00e3o organizada pela Secretaria Municipal de Turismo e Lazer junto aos participantes da 2\u00aa edi\u00e7\u00e3o do Concurso Gastron\u00f4mico Sabores da Cidade. O encontro para alinhamento contou com a participa\u00e7\u00e3o do secret\u00e1rio municipal de Turismo e Lazer, Renan Lucena, al\u00e9m da equipe respons\u00e1vel pela pasta e dos competidores inscritos na disputa.<\/p>\n<p>Retomada pela Prefeitura de Aruj\u00e1, a competi\u00e7\u00e3o teve as inscri\u00e7\u00f5es encerradas no dia 19 de setembro.<\/p>\n<p>Com o per\u00edodo de inscri\u00e7\u00f5es encerrado, a pr\u00f3xima etapa do Concurso Gastron\u00f4mico chega \u00e0 fase de vota\u00e7\u00e3o popular, que acontece do dia 17 de outubro ao dia 9 de novembro. Nela, todos os clientes que visitarem o estabelecimento competidor e comprarem o prato escolhido para o concurso poder\u00e3o acessar um QRCode disponibilizado e participar da vota\u00e7\u00e3o.<\/p>\n<p>Cabe ressaltar, que os clientes que participarem da vota\u00e7\u00e3o concorrer\u00e3o, ainda, a sorteio de pr\u00eamios.<\/p>\n<p>As pr\u00f3ximas fases do \u201cduelo de esp\u00e1tulas\u201d, incluir\u00e3o a avalia\u00e7\u00e3o profissional e, por fim, a t\u00e3o esperada premia\u00e7\u00e3o. Para mais informa\u00e7\u00f5es, leia a mat\u00e9ria dispon\u00edvel no site: https:\/\/portaldenoticias.prefeituradearuja.sp.gov.br\/noticias\/2a-edicao-do-concurso-gastronomico-de-aruja-chega-para-dar-tempero-a-culinaria-local\/<\/p>\n","protected":false},"excerpt":{"rendered":"<p>O Parque Cidade Natureza sediou, na manh\u00e3 desta ter\u00e7a-feira (30), uma reuni\u00e3o organizada pela Secretaria Municipal de Turismo e Lazer junto aos participantes da 2\u00aa edi\u00e7\u00e3o do Concurso Gastron\u00f4mico Sabores da Cidade. O encontro para alinhamento contou com a participa\u00e7\u00e3o do secret\u00e1rio municipal de Turismo e Lazer, Renan Lucena, al\u00e9m da equipe respons\u00e1vel pela pasta [&hellip;]<\/p>\n","protected":false},"author":1,"featured_media":27464,"comment_status":"open","ping_status":"open","sticky":false,"template":"","format":"standard","meta":{"footnotes":""},"categories":[4],"tags":[],"class_list":{"0":"post-27463","1":"post","2":"type-post","3":"status-publish","4":"format-standard","5":"has-post-thumbnail","7":"category-aruja"},"_links":{"self":[{"href":"https:\/\/jm-metropole.com.br\/site\/wp-json\/wp\/v2\/posts\/27463","targetHints":{"allow":["GET"]}}],"collection":[{"href":"https:\/\/jm-metropole.com.br\/site\/wp-json\/wp\/v2\/posts"}],"about":[{"href":"https:\/\/jm-metropole.com.br\/site\/wp-json\/wp\/v2\/types\/post"}],"author":[{"embeddable":true,"href":"https:\/\/jm-metropole.com.br\/site\/wp-json\/wp\/v2\/users\/1"}],"replies":[{"embeddable":true,"href":"https:\/\/jm-metropole.com.br\/site\/wp-json\/wp\/v2\/comments?post=27463"}],"version-history":[{"count":1,"href":"https:\/\/jm-metropole.com.br\/site\/wp-json\/wp\/v2\/posts\/27463\/revisions"}],"predecessor-version":[{"id":27465,"href":"https:\/\/jm-metropole.com.br\/site\/wp-json\/wp\/v2\/posts\/27463\/revisions\/27465"}],"wp:featuredmedia":[{"embeddable":true,"href":"https:\/\/jm-metropole.com.br\/site\/wp-json\/wp\/v2\/media\/27464"}],"wp:attachment":[{"href":"https:\/\/jm-metropole.com.br\/site\/wp-json\/wp\/v2\/media?parent=27463"}],"wp:term":[{"taxonomy":"category","embeddable":true,"href":"https:\/\/jm-metropole.com.br\/site\/wp-json\/wp\/v2\/categories?post=27463"},{"taxonomy":"post_tag","embeddable":true,"href":"https:\/\/jm-metropole.com.br\/site\/wp-json\/wp\/v2\/tags?post=27463"}],"curies":[{"name":"wp","href":"https:\/\/api.w.org\/{rel}","templated":true}]}}