{"id":27456,"date":"2025-10-02T12:05:39","date_gmt":"2025-10-02T15:05:39","guid":{"rendered":"https:\/\/jm-metropole.com.br\/site\/?p=27456"},"modified":"2025-10-02T12:05:39","modified_gmt":"2025-10-02T15:05:39","slug":"retratos-do-tempo-uma-tarde-especial-no-cci","status":"publish","type":"post","link":"https:\/\/jm-metropole.com.br\/site\/retratos-do-tempo-uma-tarde-especial-no-cci\/","title":{"rendered":"Retratos do Tempo: uma tarde especial no CCI"},"content":{"rendered":"<p>O Centro de Conviv\u00eancia do Idoso realizou, nesta quarta-feira, uma programa\u00e7\u00e3o especial em comemora\u00e7\u00e3o ao Dia do Idoso. Promovida pela Prefeitura de Santa Isabel, por meio da Secretaria de Desenvolvimento Social, a a\u00e7\u00e3o contou com m\u00fasica, caminhada, diversas atividades e um ensaio fotogr\u00e1fico sob o tema \u201cRetratos do Tempo\u201d.<\/p>\n<p>O evento valorizou e registrou a ess\u00eancia dos participantes, fortalecendo o compromisso do Munic\u00edpio com o bem-estar e a qualidade de vida da pessoa idosa.<\/p>\n<p>O Centro de Conviv\u00eancia do Idoso \u00e9 um espa\u00e7o voltado \u00e0 popula\u00e7\u00e3o da melhor idade, oferecendo atividades que estimulam a conviv\u00eancia, a sa\u00fade e o lazer, mantendo-os sempre ativos e integrados \u00e0 comunidade.<\/p>\n","protected":false},"excerpt":{"rendered":"<p>O Centro de Conviv\u00eancia do Idoso realizou, nesta quarta-feira, uma programa\u00e7\u00e3o especial em comemora\u00e7\u00e3o ao Dia do Idoso. Promovida pela Prefeitura de Santa Isabel, por meio da Secretaria de Desenvolvimento Social, a a\u00e7\u00e3o contou com m\u00fasica, caminhada, diversas atividades e um ensaio fotogr\u00e1fico sob o tema \u201cRetratos do Tempo\u201d. O evento valorizou e registrou a [&hellip;]<\/p>\n","protected":false},"author":1,"featured_media":27457,"comment_status":"open","ping_status":"open","sticky":false,"template":"","format":"standard","meta":{"footnotes":""},"categories":[5],"tags":[],"class_list":{"0":"post-27456","1":"post","2":"type-post","3":"status-publish","4":"format-standard","5":"has-post-thumbnail","7":"category-santa-isabel"},"_links":{"self":[{"href":"https:\/\/jm-metropole.com.br\/site\/wp-json\/wp\/v2\/posts\/27456","targetHints":{"allow":["GET"]}}],"collection":[{"href":"https:\/\/jm-metropole.com.br\/site\/wp-json\/wp\/v2\/posts"}],"about":[{"href":"https:\/\/jm-metropole.com.br\/site\/wp-json\/wp\/v2\/types\/post"}],"author":[{"embeddable":true,"href":"https:\/\/jm-metropole.com.br\/site\/wp-json\/wp\/v2\/users\/1"}],"replies":[{"embeddable":true,"href":"https:\/\/jm-metropole.com.br\/site\/wp-json\/wp\/v2\/comments?post=27456"}],"version-history":[{"count":1,"href":"https:\/\/jm-metropole.com.br\/site\/wp-json\/wp\/v2\/posts\/27456\/revisions"}],"predecessor-version":[{"id":27458,"href":"https:\/\/jm-metropole.com.br\/site\/wp-json\/wp\/v2\/posts\/27456\/revisions\/27458"}],"wp:featuredmedia":[{"embeddable":true,"href":"https:\/\/jm-metropole.com.br\/site\/wp-json\/wp\/v2\/media\/27457"}],"wp:attachment":[{"href":"https:\/\/jm-metropole.com.br\/site\/wp-json\/wp\/v2\/media?parent=27456"}],"wp:term":[{"taxonomy":"category","embeddable":true,"href":"https:\/\/jm-metropole.com.br\/site\/wp-json\/wp\/v2\/categories?post=27456"},{"taxonomy":"post_tag","embeddable":true,"href":"https:\/\/jm-metropole.com.br\/site\/wp-json\/wp\/v2\/tags?post=27456"}],"curies":[{"name":"wp","href":"https:\/\/api.w.org\/{rel}","templated":true}]}}