{"id":27446,"date":"2025-10-01T16:38:38","date_gmt":"2025-10-01T19:38:38","guid":{"rendered":"https:\/\/jm-metropole.com.br\/site\/?p=27446"},"modified":"2025-10-01T16:38:38","modified_gmt":"2025-10-01T19:38:38","slug":"stf-inicia-julgamento-sobre-vinculo-de-emprego-de-motoristas-de-apps","status":"publish","type":"post","link":"https:\/\/jm-metropole.com.br\/site\/stf-inicia-julgamento-sobre-vinculo-de-emprego-de-motoristas-de-apps\/","title":{"rendered":"STF inicia julgamento sobre v\u00ednculo de emprego de motoristas de apps"},"content":{"rendered":"<div class=\"header-noticia full-width\">\n<div class=\"linha-fina-noticia\">Dia da vota\u00e7\u00e3o ainda ser\u00e1 definido pelo presidente da Corte<\/div>\n<\/div>\n<div class=\"container-autoria\"><\/div>\n<div>\n<p>O Supremo Tribunal Federal (STF) iniciou h\u00e1 pouco a\u00a0<strong>sess\u00e3o que vai julgar a validade do reconhecimento de v\u00ednculo empregat\u00edcio entre motoristas de aplicativos e as plataformas digitais<\/strong>. A controv\u00e9rsia \u00e9 conhecida como \u201cuberiza\u00e7\u00e3o\u201d das rela\u00e7\u00f5es de trabalho.<br \/>\nNo in\u00edcio da sess\u00e3o, o presidente do STF, ministro Edson Fachin, informou que o julgamento n\u00e3o ser\u00e1 encerrado hoje.<img decoding=\"async\" src=\"https:\/\/agenciabrasil.ebc.com.br\/ebc.png?id=1660975&amp;o=node\" \/><img decoding=\"async\" src=\"https:\/\/agenciabrasil.ebc.com.br\/ebc.gif?id=1660975&amp;o=node\" \/><\/p>\n<p>Segundo o ministro, a\u00a0<strong>sess\u00e3o ser\u00e1 destinada apenas \u00e0 leitura dos relat\u00f3rios dos processos,<\/strong>\u00a0documentos que resumem a tramita\u00e7\u00e3o das a\u00e7\u00f5es, e\u00a0<strong>\u00e0s sustenta\u00e7\u00f5es orais das defesas das empresas que operam os aplicativos e entidades que defendem o reconhecimento do v\u00ednculo<\/strong>.<\/p>\n<p>A data da vota\u00e7\u00e3o da quest\u00e3o ainda ser\u00e1 marcada pelo presidente.<\/p>\n<p><strong>A decis\u00e3o que ser\u00e1 tomada pela Corte ter\u00e1 impacto em 10 mil processos que est\u00e3o parados em todo o pa\u00eds \u00e0 espera do posicionamento do plen\u00e1rio sobre a quest\u00e3o.<\/strong><\/p>\n<p><a href=\"https:\/\/www.whatsapp.com\/channel\/0029VaoRTgrInlqYLSk59B2M\" target=\"_blank\" rel=\"noopener\">&gt;&gt; Siga o canal da\u00a0<strong>Ag\u00eancia Brasil<\/strong>\u00a0no WhatsApp<\/a><\/p>\n<p>Ser\u00e3o julgadas duas a\u00e7\u00f5es\u00a0relatadas pelos ministros Edson Fachin e Alexandre de Moraes que\u00a0chegaram ao Supremo a partir de\u00a0<strong>recursos protocolados pelas plataformas Rappi e Uber<\/strong>. As empresas contestam decis\u00f5es da Justi\u00e7a do Trabalho que reconheceram o v\u00ednculo empregat\u00edcio com os motoristas e entregadores.<\/p>\n<p>A Rappi alegou que as decis\u00f5es trabalhistas que reconheceram o v\u00ednculo de emprego com a empresa desrespeitaram decis\u00f5es da pr\u00f3pria Corte que entendem n\u00e3o haver rela\u00e7\u00e3o de emprego formal com os entregadores.<\/p>\n<p>A Uber sustentou que \u00e9 uma empresa de tecnologia, e n\u00e3o do ramo de transportes, e que o reconhecimento de v\u00ednculo trabalhista altera a finalidade do neg\u00f3cio da plataforma, violando o princ\u00edpio constitucional da livre iniciativa de atividade econ\u00f4mica.<\/p>\n<p>*Com informa\u00e7\u00f5es de Ag\u00eancia Brasil<\/p>\n<\/div>\n","protected":false},"excerpt":{"rendered":"<p>Dia da vota\u00e7\u00e3o ainda ser\u00e1 definido pelo presidente da Corte O Supremo Tribunal Federal (STF) iniciou h\u00e1 pouco a\u00a0sess\u00e3o que vai julgar a validade do reconhecimento de v\u00ednculo empregat\u00edcio entre motoristas de aplicativos e as plataformas digitais. A controv\u00e9rsia \u00e9 conhecida como \u201cuberiza\u00e7\u00e3o\u201d das rela\u00e7\u00f5es de trabalho. No in\u00edcio da sess\u00e3o, o presidente do STF, [&hellip;]<\/p>\n","protected":false},"author":1,"featured_media":27447,"comment_status":"open","ping_status":"open","sticky":false,"template":"","format":"standard","meta":{"footnotes":""},"categories":[48],"tags":[],"class_list":{"0":"post-27446","1":"post","2":"type-post","3":"status-publish","4":"format-standard","5":"has-post-thumbnail","7":"category-geral"},"_links":{"self":[{"href":"https:\/\/jm-metropole.com.br\/site\/wp-json\/wp\/v2\/posts\/27446","targetHints":{"allow":["GET"]}}],"collection":[{"href":"https:\/\/jm-metropole.com.br\/site\/wp-json\/wp\/v2\/posts"}],"about":[{"href":"https:\/\/jm-metropole.com.br\/site\/wp-json\/wp\/v2\/types\/post"}],"author":[{"embeddable":true,"href":"https:\/\/jm-metropole.com.br\/site\/wp-json\/wp\/v2\/users\/1"}],"replies":[{"embeddable":true,"href":"https:\/\/jm-metropole.com.br\/site\/wp-json\/wp\/v2\/comments?post=27446"}],"version-history":[{"count":1,"href":"https:\/\/jm-metropole.com.br\/site\/wp-json\/wp\/v2\/posts\/27446\/revisions"}],"predecessor-version":[{"id":27448,"href":"https:\/\/jm-metropole.com.br\/site\/wp-json\/wp\/v2\/posts\/27446\/revisions\/27448"}],"wp:featuredmedia":[{"embeddable":true,"href":"https:\/\/jm-metropole.com.br\/site\/wp-json\/wp\/v2\/media\/27447"}],"wp:attachment":[{"href":"https:\/\/jm-metropole.com.br\/site\/wp-json\/wp\/v2\/media?parent=27446"}],"wp:term":[{"taxonomy":"category","embeddable":true,"href":"https:\/\/jm-metropole.com.br\/site\/wp-json\/wp\/v2\/categories?post=27446"},{"taxonomy":"post_tag","embeddable":true,"href":"https:\/\/jm-metropole.com.br\/site\/wp-json\/wp\/v2\/tags?post=27446"}],"curies":[{"name":"wp","href":"https:\/\/api.w.org\/{rel}","templated":true}]}}