{"id":27425,"date":"2025-09-30T15:23:26","date_gmt":"2025-09-30T18:23:26","guid":{"rendered":"https:\/\/jm-metropole.com.br\/site\/?p=27425"},"modified":"2025-09-30T15:23:26","modified_gmt":"2025-09-30T18:23:26","slug":"em-itaqua-cultura-itinerante-reune-cerca-de-5-mil-pessoas-no-marengo","status":"publish","type":"post","link":"https:\/\/jm-metropole.com.br\/site\/em-itaqua-cultura-itinerante-reune-cerca-de-5-mil-pessoas-no-marengo\/","title":{"rendered":"Em Itaqu\u00e1, Cultura Itinerante re\u00fane cerca de 5 mil pessoas no Marengo"},"content":{"rendered":"<p>Evento ocorreu no \u00faltimo domingo (28) com atra\u00e7\u00f5es culturais<\/p>\n<p>Mais de 5 mil pessoas participaram, no \u00faltimo domingo (28), de mais uma edi\u00e7\u00e3o do Cultura Itinerante, realizada no Marengo. Promovida pela Secretaria de Cultura de Itaquaquecetuba, a iniciativa levou ao p\u00fablico uma programa\u00e7\u00e3o diversificada com shows, brincadeiras, servi\u00e7os e divers\u00e3o para toda a fam\u00edlia.<\/p>\n<p>No palco, o Trio Lazer do Forr\u00f3 animou o p\u00fablico com um repert\u00f3rio dan\u00e7ante, seguido por uma apresenta\u00e7\u00e3o especial inspirada na cl\u00e1ssica turma do Chaves, encenada por alunos do curso de teatro da pr\u00f3pria secretaria. A turma se prepara para estrear uma pe\u00e7a completa no Dia das Crian\u00e7as, com apresenta\u00e7\u00e3o marcada para o dia 15 de outubro.<\/p>\n<p>A programa\u00e7\u00e3o musical tamb\u00e9m teve espa\u00e7o para o rapper Teddy Tee, que relembrou sucessos dos anos 90 e 2000 enquanto resgatava sua trajet\u00f3ria art\u00edstica ligada a Itaqu\u00e1. Al\u00e9m das atra\u00e7\u00f5es culturais, o evento ofereceu servi\u00e7os sociais e comunit\u00e1rios, como a Bancada Liter\u00e1ria, feira de ado\u00e7\u00e3o de animais, barracas de artesanato, food trucks, e a\u00e7\u00f5es promovidas pelas secretarias da Sa\u00fade e Mulher.<\/p>\n<p>O evento contou ainda com brinquedos infl\u00e1veis, distribui\u00e7\u00e3o de cachorro-quente, pipoca, algod\u00e3o-doce, corte de cabelo e pintura facial. \u201cA proposta do Cultura Itinerante \u00e9 democratizar o acesso \u00e0 cultura, levando arte e lazer diretamente aos bairros\u201d, destacou a secret\u00e1ria de Cultura, Maria Ana Rosa.<\/p>\n<p>O prefeito Eduardo Boigues refor\u00e7ou a import\u00e2ncia do projeto. \u201cCada edi\u00e7\u00e3o confirma o quanto o Cultura Itinerante \u00e9 necess\u00e1rio. Ver fam\u00edlias inteiras participando e se divertindo mostra que estamos no caminho certo e \u00e9 assim que vamos continuar.\u201d<\/p>\n<p>Fotos: Matheus Cruz<\/p>\n","protected":false},"excerpt":{"rendered":"<p>Evento ocorreu no \u00faltimo domingo (28) com atra\u00e7\u00f5es culturais Mais de 5 mil pessoas participaram, no \u00faltimo domingo (28), de mais uma edi\u00e7\u00e3o do Cultura Itinerante, realizada no Marengo. Promovida pela Secretaria de Cultura de Itaquaquecetuba, a iniciativa levou ao p\u00fablico uma programa\u00e7\u00e3o diversificada com shows, brincadeiras, servi\u00e7os e divers\u00e3o para toda a fam\u00edlia. No [&hellip;]<\/p>\n","protected":false},"author":1,"featured_media":27426,"comment_status":"open","ping_status":"open","sticky":false,"template":"","format":"standard","meta":{"footnotes":""},"categories":[6],"tags":[],"class_list":{"0":"post-27425","1":"post","2":"type-post","3":"status-publish","4":"format-standard","5":"has-post-thumbnail","7":"category-itaqua"},"_links":{"self":[{"href":"https:\/\/jm-metropole.com.br\/site\/wp-json\/wp\/v2\/posts\/27425","targetHints":{"allow":["GET"]}}],"collection":[{"href":"https:\/\/jm-metropole.com.br\/site\/wp-json\/wp\/v2\/posts"}],"about":[{"href":"https:\/\/jm-metropole.com.br\/site\/wp-json\/wp\/v2\/types\/post"}],"author":[{"embeddable":true,"href":"https:\/\/jm-metropole.com.br\/site\/wp-json\/wp\/v2\/users\/1"}],"replies":[{"embeddable":true,"href":"https:\/\/jm-metropole.com.br\/site\/wp-json\/wp\/v2\/comments?post=27425"}],"version-history":[{"count":1,"href":"https:\/\/jm-metropole.com.br\/site\/wp-json\/wp\/v2\/posts\/27425\/revisions"}],"predecessor-version":[{"id":27427,"href":"https:\/\/jm-metropole.com.br\/site\/wp-json\/wp\/v2\/posts\/27425\/revisions\/27427"}],"wp:featuredmedia":[{"embeddable":true,"href":"https:\/\/jm-metropole.com.br\/site\/wp-json\/wp\/v2\/media\/27426"}],"wp:attachment":[{"href":"https:\/\/jm-metropole.com.br\/site\/wp-json\/wp\/v2\/media?parent=27425"}],"wp:term":[{"taxonomy":"category","embeddable":true,"href":"https:\/\/jm-metropole.com.br\/site\/wp-json\/wp\/v2\/categories?post=27425"},{"taxonomy":"post_tag","embeddable":true,"href":"https:\/\/jm-metropole.com.br\/site\/wp-json\/wp\/v2\/tags?post=27425"}],"curies":[{"name":"wp","href":"https:\/\/api.w.org\/{rel}","templated":true}]}}