{"id":27422,"date":"2025-09-30T15:22:07","date_gmt":"2025-09-30T18:22:07","guid":{"rendered":"https:\/\/jm-metropole.com.br\/site\/?p=27422"},"modified":"2025-09-30T15:22:07","modified_gmt":"2025-09-30T18:22:07","slug":"populacao-de-itaqua-pode-escolher-os-vencedores-da-gincana-cultural-pe-na-faixa-ate-terca-30","status":"publish","type":"post","link":"https:\/\/jm-metropole.com.br\/site\/populacao-de-itaqua-pode-escolher-os-vencedores-da-gincana-cultural-pe-na-faixa-ate-terca-30\/","title":{"rendered":"Popula\u00e7\u00e3o de Itaqu\u00e1 pode escolher os vencedores da gincana cultural \u2018P\u00e9 na Faixa!\u2019 at\u00e9 ter\u00e7a (30)"},"content":{"rendered":"<p>Iniciativa une educa\u00e7\u00e3o e conscientiza\u00e7\u00e3o no tr\u00e2nsito com criatividade e participa\u00e7\u00e3o popular<\/p>\n<p>A Prefeitura de Itaquaquecetuba convida a popula\u00e7\u00e3o a participar da vota\u00e7\u00e3o que definir\u00e1 os vencedores da Gincana Cultural &#8220;P\u00e9 na Faixa!&#8221;, em celebra\u00e7\u00e3o \u00e0 Semana Nacional do Tr\u00e2nsito. A iniciativa das secretarias de Mobilidade e Educa\u00e7\u00e3o \u00e9 organizada pela Casa de Projetos Educacionais Paulo Freire.<\/p>\n<p>Estudantes de cinco escolas produziram v\u00eddeos criativos e educativos sobre seguran\u00e7a no tr\u00e2nsito, que est\u00e3o dispon\u00edveis no canal oficial da gincana (youtube.com\/@GincanaP\u00e9naFaixa). A vota\u00e7\u00e3o segue aberta at\u00e9 as 17h desta ter\u00e7a (30) e para participar, basta acessar o canal e deixar um \u201clike\u201d no v\u00eddeo preferido.<\/p>\n<p>\u201c\u00c9 uma oportunidade de valorizarmos o protagonismo dos estudantes que transmitiram mensagens importantes por meio da arte e da comunica\u00e7\u00e3o. Contamos com o engajamento da popula\u00e7\u00e3o para apoiar esse trabalho\u201d, afirmou a secret\u00e1ria de Educa\u00e7\u00e3o, Maria Cristina Perpetuo.<\/p>\n<p>Os tr\u00eas grupos mais votados receber\u00e3o premia\u00e7\u00f5es. O 1\u00ba lugar ganhar\u00e1 patinetes el\u00e9tricos, o 2\u00ba bicicletas e o 3\u00ba patinetes. \u201cA educa\u00e7\u00e3o no tr\u00e2nsito come\u00e7a desde cedo e iniciativas como essa despertam nos estudantes a consci\u00eancia de que cada atitude faz diferen\u00e7a na preserva\u00e7\u00e3o de vidas. A gincana \u00e9 uma forma criativa e mostra que respeito e responsabilidade devem ser pr\u00e1ticas di\u00e1rias nas ruas\u201d, destacou o secret\u00e1rio de Mobilidade Urbana, Rosinaldo Castro.<\/p>\n<p>\u201cA gincana \u00e9 uma forma divertida e educativa de mostrar que a seguran\u00e7a no tr\u00e2nsito come\u00e7a com a conscientiza\u00e7\u00e3o de cada um. Os estudantes deram um show de criatividade e agora convidamos a popula\u00e7\u00e3o para prestigiar e votar\u201d, finalizou o prefeito Eduardo Boigues.<\/p>\n","protected":false},"excerpt":{"rendered":"<p>Iniciativa une educa\u00e7\u00e3o e conscientiza\u00e7\u00e3o no tr\u00e2nsito com criatividade e participa\u00e7\u00e3o popular A Prefeitura de Itaquaquecetuba convida a popula\u00e7\u00e3o a participar da vota\u00e7\u00e3o que definir\u00e1 os vencedores da Gincana Cultural &#8220;P\u00e9 na Faixa!&#8221;, em celebra\u00e7\u00e3o \u00e0 Semana Nacional do Tr\u00e2nsito. A iniciativa das secretarias de Mobilidade e Educa\u00e7\u00e3o \u00e9 organizada pela Casa de Projetos Educacionais [&hellip;]<\/p>\n","protected":false},"author":1,"featured_media":27423,"comment_status":"open","ping_status":"open","sticky":false,"template":"","format":"standard","meta":{"footnotes":""},"categories":[6],"tags":[],"class_list":{"0":"post-27422","1":"post","2":"type-post","3":"status-publish","4":"format-standard","5":"has-post-thumbnail","7":"category-itaqua"},"_links":{"self":[{"href":"https:\/\/jm-metropole.com.br\/site\/wp-json\/wp\/v2\/posts\/27422","targetHints":{"allow":["GET"]}}],"collection":[{"href":"https:\/\/jm-metropole.com.br\/site\/wp-json\/wp\/v2\/posts"}],"about":[{"href":"https:\/\/jm-metropole.com.br\/site\/wp-json\/wp\/v2\/types\/post"}],"author":[{"embeddable":true,"href":"https:\/\/jm-metropole.com.br\/site\/wp-json\/wp\/v2\/users\/1"}],"replies":[{"embeddable":true,"href":"https:\/\/jm-metropole.com.br\/site\/wp-json\/wp\/v2\/comments?post=27422"}],"version-history":[{"count":1,"href":"https:\/\/jm-metropole.com.br\/site\/wp-json\/wp\/v2\/posts\/27422\/revisions"}],"predecessor-version":[{"id":27424,"href":"https:\/\/jm-metropole.com.br\/site\/wp-json\/wp\/v2\/posts\/27422\/revisions\/27424"}],"wp:featuredmedia":[{"embeddable":true,"href":"https:\/\/jm-metropole.com.br\/site\/wp-json\/wp\/v2\/media\/27423"}],"wp:attachment":[{"href":"https:\/\/jm-metropole.com.br\/site\/wp-json\/wp\/v2\/media?parent=27422"}],"wp:term":[{"taxonomy":"category","embeddable":true,"href":"https:\/\/jm-metropole.com.br\/site\/wp-json\/wp\/v2\/categories?post=27422"},{"taxonomy":"post_tag","embeddable":true,"href":"https:\/\/jm-metropole.com.br\/site\/wp-json\/wp\/v2\/tags?post=27422"}],"curies":[{"name":"wp","href":"https:\/\/api.w.org\/{rel}","templated":true}]}}