{"id":27353,"date":"2025-09-25T15:39:10","date_gmt":"2025-09-25T18:39:10","guid":{"rendered":"https:\/\/jm-metropole.com.br\/site\/?p=27353"},"modified":"2025-09-25T15:39:10","modified_gmt":"2025-09-25T18:39:10","slug":"semana-do-conhecimento-2025-chega-a-ultima-semana-de-inscricoes","status":"publish","type":"post","link":"https:\/\/jm-metropole.com.br\/site\/semana-do-conhecimento-2025-chega-a-ultima-semana-de-inscricoes\/","title":{"rendered":"Semana do Conhecimento 2025 chega \u00e0 \u00faltima semana de inscri\u00e7\u00f5es"},"content":{"rendered":"<p>A Semana do Conhecimento 2025 encerra na pr\u00f3xima ter\u00e7a-feira (30) as inscri\u00e7\u00f5es para a participa\u00e7\u00e3o nos quatro quadros de exposi\u00e7\u00e3o de trabalhos cient\u00edficos, acad\u00eamicos e profissionais. Faltam poucos dias para garantir participa\u00e7\u00e3o nesse tradicional evento que re\u00fane estudantes e professores de todos os n\u00edveis de forma\u00e7\u00e3o educacional, al\u00e9m de profissionais j\u00e1 consolidados no mercado de trabalho.<\/p>\n<p>A programa\u00e7\u00e3o do evento, considerado o principal de tecnologia e inova\u00e7\u00e3o de Guarulhos, transcorrer\u00e1 entre os dias 20 e 24 de outubro, no Centro Municipal de Educa\u00e7\u00e3o Adamastor. Veja abaixo as especificidades de cada um dos quadros desta edi\u00e7\u00e3o.<\/p>\n<p>ExpoCriatividade<br \/>\nQuadro dedicado aos pequenos estudantes do ensino fundamental I e da Educa\u00e7\u00e3o de Jovens e Adultos (EJA), al\u00e9m de dar espa\u00e7o a projetos pedag\u00f3gicos dos educadores desses n\u00edveis. Os trabalhos apresentados buscam conciliar a dimens\u00e3o cient\u00edfica aos processos l\u00fadicos que t\u00eam por objetivo incutir o pensamento tecnol\u00f3gico nos estudantes, a fim de despert\u00e1-los para a curiosidade e a pesquisa.<\/p>\n<p>Feceg<br \/>\nUma das atividades mais concorridas da Semana do Conhecimento, a Feira de Ci\u00eancias e Engenharia de Guarulhos (Feceg) recebe os estudantes dos ensinos Fundamental II, M\u00e9dio e t\u00e9cnico. Esse quadro tem grande participa\u00e7\u00e3o de projetos mais avan\u00e7ados em diversas \u00e1reas do conhecimento e garante aos mais bem colocados a participa\u00e7\u00e3o na Febrace, grande mostra nacional de ci\u00eancia.<\/p>\n<p>Semcitec<br \/>\nDedicado ao ensino superior e \u00e0 p\u00f3s-gradua\u00e7\u00e3o, a Semana de Ci\u00eancia e Tecnologia recebe e divulga trabalhos de estudantes e de professores desses n\u00edveis educacionais em duas linhas de apresenta\u00e7\u00e3o: pesquisa cient\u00edfica e relato de experi\u00eancia. Os trabalhos podem ser submetidos individualmente ou por grupos de at\u00e9 seis estudantes de gradua\u00e7\u00e3o, com a exig\u00eancia de um professor orientador ou, no m\u00e1ximo, dois. Estudantes de p\u00f3s-gradua\u00e7\u00e3o ou mestres e doutores podem se inscrever sem orientadores.<\/p>\n<p>Mostra de Economia Criativa<br \/>\nQuadro dedicado a empreendedores, inventores e a profissionais criativos que estejam atuando no mercado e queiram apresentar seus neg\u00f3cios e produtos nas \u00e1reas de tecnologia, m\u00eddias, consumo e cultura.<\/p>\n<p>Incentivo ao in\u00edcio da carreira acad\u00eamica<\/p>\n<p>Outro atrativo para os participantes \u00e9 que os projetos aprovados ser\u00e3o publicados na revista cient\u00edfica digital Semana do Conhecimento, ve\u00edculo pr\u00f3prio do evento mantido pela Secretaria de Ci\u00eancia, Tecnologia e Inova\u00e7\u00e3o, e que disp\u00f5e de ISSN (n\u00famero serial padr\u00e3o internacional \u2013 na sigla em ingl\u00eas), c\u00f3digo internacional e exclusivo que identifica t\u00edtulos de publica\u00e7\u00f5es seriadas, que garante reconhecimento aos autores e permite a inclus\u00e3o de seus trabalhos em seus curr\u00edculos na plataforma Lattes, importante medidor de produ\u00e7\u00e3o cient\u00edfica no Brasil.<\/p>\n<p>Para conhecer os detalhes e regulamento de cada um dos quadros, acesse https:\/\/sdc.guarulhos.sp.gov.br\/index.php\/SDC\/submissao, endere\u00e7o onde tamb\u00e9m \u00e9 poss\u00edvel consultar todo o acervo j\u00e1 apresentado na hist\u00f3ria do evento.<\/p>\n<p>Foto: F\u00e1bio Nunes Teixeira \/ PMG<\/p>\n","protected":false},"excerpt":{"rendered":"<p>A Semana do Conhecimento 2025 encerra na pr\u00f3xima ter\u00e7a-feira (30) as inscri\u00e7\u00f5es para a participa\u00e7\u00e3o nos quatro quadros de exposi\u00e7\u00e3o de trabalhos cient\u00edficos, acad\u00eamicos e profissionais. Faltam poucos dias para garantir participa\u00e7\u00e3o nesse tradicional evento que re\u00fane estudantes e professores de todos os n\u00edveis de forma\u00e7\u00e3o educacional, al\u00e9m de profissionais j\u00e1 consolidados no mercado de [&hellip;]<\/p>\n","protected":false},"author":1,"featured_media":27354,"comment_status":"open","ping_status":"open","sticky":false,"template":"","format":"standard","meta":{"footnotes":""},"categories":[3],"tags":[],"class_list":{"0":"post-27353","1":"post","2":"type-post","3":"status-publish","4":"format-standard","5":"has-post-thumbnail","7":"category-guarulhos"},"_links":{"self":[{"href":"https:\/\/jm-metropole.com.br\/site\/wp-json\/wp\/v2\/posts\/27353","targetHints":{"allow":["GET"]}}],"collection":[{"href":"https:\/\/jm-metropole.com.br\/site\/wp-json\/wp\/v2\/posts"}],"about":[{"href":"https:\/\/jm-metropole.com.br\/site\/wp-json\/wp\/v2\/types\/post"}],"author":[{"embeddable":true,"href":"https:\/\/jm-metropole.com.br\/site\/wp-json\/wp\/v2\/users\/1"}],"replies":[{"embeddable":true,"href":"https:\/\/jm-metropole.com.br\/site\/wp-json\/wp\/v2\/comments?post=27353"}],"version-history":[{"count":1,"href":"https:\/\/jm-metropole.com.br\/site\/wp-json\/wp\/v2\/posts\/27353\/revisions"}],"predecessor-version":[{"id":27355,"href":"https:\/\/jm-metropole.com.br\/site\/wp-json\/wp\/v2\/posts\/27353\/revisions\/27355"}],"wp:featuredmedia":[{"embeddable":true,"href":"https:\/\/jm-metropole.com.br\/site\/wp-json\/wp\/v2\/media\/27354"}],"wp:attachment":[{"href":"https:\/\/jm-metropole.com.br\/site\/wp-json\/wp\/v2\/media?parent=27353"}],"wp:term":[{"taxonomy":"category","embeddable":true,"href":"https:\/\/jm-metropole.com.br\/site\/wp-json\/wp\/v2\/categories?post=27353"},{"taxonomy":"post_tag","embeddable":true,"href":"https:\/\/jm-metropole.com.br\/site\/wp-json\/wp\/v2\/tags?post=27353"}],"curies":[{"name":"wp","href":"https:\/\/api.w.org\/{rel}","templated":true}]}}