{"id":27347,"date":"2025-09-25T15:35:05","date_gmt":"2025-09-25T18:35:05","guid":{"rendered":"https:\/\/jm-metropole.com.br\/site\/?p=27347"},"modified":"2025-09-25T15:35:05","modified_gmt":"2025-09-25T18:35:05","slug":"ataque-a-tiros-em-escola-no-ceara-deixa-2-alunos-mortos-e-3-feridos","status":"publish","type":"post","link":"https:\/\/jm-metropole.com.br\/site\/ataque-a-tiros-em-escola-no-ceara-deixa-2-alunos-mortos-e-3-feridos\/","title":{"rendered":"Ataque a tiros em escola no Cear\u00e1 deixa 2 alunos mortos e 3 feridos"},"content":{"rendered":"<div class=\"header-noticia full-width\">\n<div class=\"linha-fina-noticia\">Disparos partiram do lado de fora do col\u00e9gio, localizado em Sobral<\/div>\n<\/div>\n<div class=\"container-autoria\"><\/div>\n<div>\n<p><strong>Um ataque a tiros na Escola Estadual Lu\u00eds Felipe, em Sobral, no interior do Cear\u00e1, deixou dois alunos mortos e tr\u00eas feridos<\/strong>,\u00a0informou nesta quinta-feira (25) o governo do Cear\u00e1. Em nota, a Secretaria de Seguran\u00e7a P\u00fablica e Defesa Social do estado afirmou que o<strong>s tiros foram disparados da cal\u00e7ada do lado de fora da unidade de ensino<\/strong>. A nota diz ainda que todos os esfor\u00e7os est\u00e3o sendo feitos para capturar os envolvidos. Os tr\u00eas feridos foram levados a hospitais, e ainda n\u00e3o h\u00e1 informa\u00e7\u00f5es\u00a0sobre o estado de sa\u00fade deles.<img decoding=\"async\" src=\"https:\/\/agenciabrasil.ebc.com.br\/ebc.png?id=1660263&amp;o=node\" \/><img decoding=\"async\" src=\"https:\/\/agenciabrasil.ebc.com.br\/ebc.gif?id=1660263&amp;o=node\" \/><\/p>\n<p>&#8220;Os suspeitos efetuaram os disparos de arma de fogo pela cal\u00e7ada da escola atingindo as v\u00edtimas no estacionamento da institui\u00e7\u00e3o. Na ocorr\u00eancia, uma quantidade de droga, balan\u00e7a de precis\u00e3o e embalagens foram apreendidas com uma das v\u00edtimas&#8221;, disse a secretaria.<\/p>\n<p>&#8220;Equipes da Pol\u00edcia Militar do Cear\u00e1 (PMCE), da Pol\u00edcia Civil do Estado do Cear\u00e1 (PCCE) e da Per\u00edcia Forense do Estado do Cear\u00e1 (Pefoce) foram acionadas e est\u00e3o no local realizando os primeiros levantamentos sobre o fato que est\u00e1 em andamento&#8221;, acrescentou a pasta, afirmando ainda que o policiamento ostensivo foi refor\u00e7ado na cidade.<\/p>\n<p>*Com informa\u00e7\u00f5es de Ag\u00eancia Brasil<\/p>\n<\/div>\n","protected":false},"excerpt":{"rendered":"<p>Disparos partiram do lado de fora do col\u00e9gio, localizado em Sobral Um ataque a tiros na Escola Estadual Lu\u00eds Felipe, em Sobral, no interior do Cear\u00e1, deixou dois alunos mortos e tr\u00eas feridos,\u00a0informou nesta quinta-feira (25) o governo do Cear\u00e1. Em nota, a Secretaria de Seguran\u00e7a P\u00fablica e Defesa Social do estado afirmou que os [&hellip;]<\/p>\n","protected":false},"author":1,"featured_media":27348,"comment_status":"open","ping_status":"open","sticky":false,"template":"","format":"standard","meta":{"footnotes":""},"categories":[48],"tags":[],"class_list":{"0":"post-27347","1":"post","2":"type-post","3":"status-publish","4":"format-standard","5":"has-post-thumbnail","7":"category-geral"},"_links":{"self":[{"href":"https:\/\/jm-metropole.com.br\/site\/wp-json\/wp\/v2\/posts\/27347","targetHints":{"allow":["GET"]}}],"collection":[{"href":"https:\/\/jm-metropole.com.br\/site\/wp-json\/wp\/v2\/posts"}],"about":[{"href":"https:\/\/jm-metropole.com.br\/site\/wp-json\/wp\/v2\/types\/post"}],"author":[{"embeddable":true,"href":"https:\/\/jm-metropole.com.br\/site\/wp-json\/wp\/v2\/users\/1"}],"replies":[{"embeddable":true,"href":"https:\/\/jm-metropole.com.br\/site\/wp-json\/wp\/v2\/comments?post=27347"}],"version-history":[{"count":1,"href":"https:\/\/jm-metropole.com.br\/site\/wp-json\/wp\/v2\/posts\/27347\/revisions"}],"predecessor-version":[{"id":27349,"href":"https:\/\/jm-metropole.com.br\/site\/wp-json\/wp\/v2\/posts\/27347\/revisions\/27349"}],"wp:featuredmedia":[{"embeddable":true,"href":"https:\/\/jm-metropole.com.br\/site\/wp-json\/wp\/v2\/media\/27348"}],"wp:attachment":[{"href":"https:\/\/jm-metropole.com.br\/site\/wp-json\/wp\/v2\/media?parent=27347"}],"wp:term":[{"taxonomy":"category","embeddable":true,"href":"https:\/\/jm-metropole.com.br\/site\/wp-json\/wp\/v2\/categories?post=27347"},{"taxonomy":"post_tag","embeddable":true,"href":"https:\/\/jm-metropole.com.br\/site\/wp-json\/wp\/v2\/tags?post=27347"}],"curies":[{"name":"wp","href":"https:\/\/api.w.org\/{rel}","templated":true}]}}