{"id":27334,"date":"2025-09-24T14:43:55","date_gmt":"2025-09-24T17:43:55","guid":{"rendered":"https:\/\/jm-metropole.com.br\/site\/?p=27334"},"modified":"2025-09-24T14:43:55","modified_gmt":"2025-09-24T17:43:55","slug":"sp-promove-webinar-para-discutir-desafios-voltados-aos-cuidados-de-recem-nascidos-e-criancas","status":"publish","type":"post","link":"https:\/\/jm-metropole.com.br\/site\/sp-promove-webinar-para-discutir-desafios-voltados-aos-cuidados-de-recem-nascidos-e-criancas\/","title":{"rendered":"SP promove webinar para discutir desafios voltados aos cuidados de rec\u00e9m-nascidos e crian\u00e7as"},"content":{"rendered":"<div class=\"elementor-element elementor-element-4784657 elementor-widget__width-initial elementor-widget elementor-widget-theme-post-excerpt\" data-id=\"4784657\" data-element_type=\"widget\" data-widget_type=\"theme-post-excerpt.default\">\n<div class=\"elementor-widget-container\">M\u00eas de setembro \u00e9 voltado para seguran\u00e7a do paciente, com a\u00e7\u00f5es para aprimoramento da seguran\u00e7a nos cuidados em sa\u00fade<\/div>\n<\/div>\n<div class=\"elementor-element elementor-element-4b063fb elementor-widget elementor-widget-image\" data-id=\"4b063fb\" data-element_type=\"widget\" data-widget_type=\"image.default\"><\/div>\n<div data-id=\"4b063fb\" data-element_type=\"widget\" data-widget_type=\"image.default\">\n<p>No m\u00eas dedicado \u00e0 seguran\u00e7a do paciente, a Secretaria de Estado da Sa\u00fade de S\u00e3o Paulo (SES-SP) promove, nesta sexta-feira (26), o webinar \u201cCuidado seguro para rec\u00e9m-nascidos e crian\u00e7as\u201d, para ampliar a conscientiza\u00e7\u00e3o, promover o engajamento da sociedade e estimular a\u00e7\u00f5es voltadas \u00e0 melhoria da seguran\u00e7a nos cuidados em sa\u00fade.<\/p>\n<p>A seguran\u00e7a do paciente na linha de cuidado materno-infantil \u00e9 fundamental para garantir que mulheres e rec\u00e9m-nascidos recebam cuidados de sa\u00fade efetivos, humanizados e livres de danos evit\u00e1veis. A ado\u00e7\u00e3o de protocolos, como checklists obst\u00e9tricos, identifica\u00e7\u00e3o correta de pacientes e higieniza\u00e7\u00e3o das m\u00e3os, reduz riscos importantes como a administra\u00e7\u00e3o incorreta de medicamentos, infec\u00e7\u00f5es hospitalares e erros na assist\u00eancia ao parto.<\/p>\n<p>Durante o evento, ser\u00e3o abordados temas como a import\u00e2ncia da seguran\u00e7a do paciente na linha de cuidado materno-infantil, refor\u00e7ando a necessidade de protocolos, comunica\u00e7\u00e3o entre os profissionais de sa\u00fade, gestantes e pu\u00e9rperas e, principalmente, a\u00e7\u00f5es preventivas para evitar danos \u00e0 sa\u00fade dos pacientes.<\/p>\n<h2 class=\"wp-block-heading\">Servi\u00e7o<\/h2>\n<p>Webinar \u201cCuidado seguro para rec\u00e9m-nascidos e crian\u00e7as\u201d<br \/>\nData: 26 de setembro<br \/>\nHor\u00e1rio: 14h30 \u00e0s 17h<br \/>\nTransmiss\u00e3o:\u00a0<a role=\"link\" href=\"https:\/\/www.youtube.com\/@ccd_ses_sp\" target=\"_blank\" rel=\"noopener\">https:\/\/www.youtube.com\/@ccd_ses_sp<\/a><\/p>\n<p>*Com informa\u00e7\u00f5es de Ag\u00eancia SP<\/p>\n<\/div>\n","protected":false},"excerpt":{"rendered":"<p>M\u00eas de setembro \u00e9 voltado para seguran\u00e7a do paciente, com a\u00e7\u00f5es para aprimoramento da seguran\u00e7a nos cuidados em sa\u00fade No m\u00eas dedicado \u00e0 seguran\u00e7a do paciente, a Secretaria de Estado da Sa\u00fade de S\u00e3o Paulo (SES-SP) promove, nesta sexta-feira (26), o webinar \u201cCuidado seguro para rec\u00e9m-nascidos e crian\u00e7as\u201d, para ampliar a conscientiza\u00e7\u00e3o, promover o engajamento [&hellip;]<\/p>\n","protected":false},"author":1,"featured_media":27335,"comment_status":"open","ping_status":"open","sticky":false,"template":"","format":"standard","meta":{"footnotes":""},"categories":[48],"tags":[],"class_list":{"0":"post-27334","1":"post","2":"type-post","3":"status-publish","4":"format-standard","5":"has-post-thumbnail","7":"category-geral"},"_links":{"self":[{"href":"https:\/\/jm-metropole.com.br\/site\/wp-json\/wp\/v2\/posts\/27334","targetHints":{"allow":["GET"]}}],"collection":[{"href":"https:\/\/jm-metropole.com.br\/site\/wp-json\/wp\/v2\/posts"}],"about":[{"href":"https:\/\/jm-metropole.com.br\/site\/wp-json\/wp\/v2\/types\/post"}],"author":[{"embeddable":true,"href":"https:\/\/jm-metropole.com.br\/site\/wp-json\/wp\/v2\/users\/1"}],"replies":[{"embeddable":true,"href":"https:\/\/jm-metropole.com.br\/site\/wp-json\/wp\/v2\/comments?post=27334"}],"version-history":[{"count":1,"href":"https:\/\/jm-metropole.com.br\/site\/wp-json\/wp\/v2\/posts\/27334\/revisions"}],"predecessor-version":[{"id":27336,"href":"https:\/\/jm-metropole.com.br\/site\/wp-json\/wp\/v2\/posts\/27334\/revisions\/27336"}],"wp:featuredmedia":[{"embeddable":true,"href":"https:\/\/jm-metropole.com.br\/site\/wp-json\/wp\/v2\/media\/27335"}],"wp:attachment":[{"href":"https:\/\/jm-metropole.com.br\/site\/wp-json\/wp\/v2\/media?parent=27334"}],"wp:term":[{"taxonomy":"category","embeddable":true,"href":"https:\/\/jm-metropole.com.br\/site\/wp-json\/wp\/v2\/categories?post=27334"},{"taxonomy":"post_tag","embeddable":true,"href":"https:\/\/jm-metropole.com.br\/site\/wp-json\/wp\/v2\/tags?post=27334"}],"curies":[{"name":"wp","href":"https:\/\/api.w.org\/{rel}","templated":true}]}}