{"id":27325,"date":"2025-09-24T12:38:38","date_gmt":"2025-09-24T15:38:38","guid":{"rendered":"https:\/\/jm-metropole.com.br\/site\/?p=27325"},"modified":"2025-09-24T12:38:38","modified_gmt":"2025-09-24T15:38:38","slug":"guarulhos-reforca-vacinacao-contra-febre-amarela-para-romeiros","status":"publish","type":"post","link":"https:\/\/jm-metropole.com.br\/site\/guarulhos-reforca-vacinacao-contra-febre-amarela-para-romeiros\/","title":{"rendered":"Guarulhos refor\u00e7a vacina\u00e7\u00e3o contra febre amarela para romeiros"},"content":{"rendered":"<p>Com a proximidade do feriado de 12 de outubro, quando \u00e9 esperado um aumento no n\u00famero de romeiros que percorrem as Rotas da F\u00e9, a Secretaria da Sa\u00fade refor\u00e7a que devem se vacinar contra a febre amarela aqueles que ainda n\u00e3o receberam a dose ou que tomaram a vers\u00e3o fracionada da vacina. Para garantir a prote\u00e7\u00e3o, a vacina deve ser aplicada com pelo menos dez dias de anteced\u00eancia da viagem. Pessoas com 60 anos ou mais precisam passar por avalia\u00e7\u00e3o m\u00e9dica antes de receber a dose.<\/p>\n<p>Em Guarulhos, a vacina est\u00e1 dispon\u00edvel nas 69 Unidades B\u00e1sicas de Sa\u00fade (UBS), exceto na Marin\u00f3polis, Morros e Parque Cecap, que est\u00e3o em reforma. Para se vacinar, basta apresentar documento com foto e cart\u00e3o SUS, se tiver.<\/p>\n<p>A medida ajuda a reduzir o risco de transmiss\u00e3o da doen\u00e7a, j\u00e1 que parte do trajeto percorrido pelos fi\u00e9is passa por \u00e1reas de vegeta\u00e7\u00e3o e fragmentos de mata, ambientes que favorecem a presen\u00e7a dos mosquitos transmissores Haemagogus e Sabethes. Segundo o mapa de favorabilidade da doen\u00e7a, esses locais t\u00eam condi\u00e7\u00f5es ideais para a circula\u00e7\u00e3o do v\u00edrus, como sombra e umidade, que favorecem a reprodu\u00e7\u00e3o dos mosquitos.<\/p>\n<p>A febre amarela \u00e9 uma doen\u00e7a viral que pode causar desde sintomas leves at\u00e9 quadros graves e fatais. No \u00faltimo per\u00edodo de monitoramento, o Estado de S\u00e3o Paulo confirmou 66 casos, sendo 37 \u00f3bitos, o que representa uma letalidade de 56%.<\/p>\n<p>Al\u00e9m da vacina, a Prefeitura recomenda o uso de repelentes, roupas que cubram bra\u00e7os e pernas e aten\u00e7\u00e3o aos sintomas de alerta, como febre alta, dores no corpo, pele e olhos amarelados e v\u00f4mitos. Em caso de suspeita, o atendimento m\u00e9dico deve ser procurado imediatamente.<\/p>\n<p>Foto: Fabio Nunes Teixeira \/ PMG<\/p>\n","protected":false},"excerpt":{"rendered":"<p>Com a proximidade do feriado de 12 de outubro, quando \u00e9 esperado um aumento no n\u00famero de romeiros que percorrem as Rotas da F\u00e9, a Secretaria da Sa\u00fade refor\u00e7a que devem se vacinar contra a febre amarela aqueles que ainda n\u00e3o receberam a dose ou que tomaram a vers\u00e3o fracionada da vacina. Para garantir a [&hellip;]<\/p>\n","protected":false},"author":1,"featured_media":27326,"comment_status":"open","ping_status":"open","sticky":false,"template":"","format":"standard","meta":{"footnotes":""},"categories":[3],"tags":[],"class_list":{"0":"post-27325","1":"post","2":"type-post","3":"status-publish","4":"format-standard","5":"has-post-thumbnail","7":"category-guarulhos"},"_links":{"self":[{"href":"https:\/\/jm-metropole.com.br\/site\/wp-json\/wp\/v2\/posts\/27325","targetHints":{"allow":["GET"]}}],"collection":[{"href":"https:\/\/jm-metropole.com.br\/site\/wp-json\/wp\/v2\/posts"}],"about":[{"href":"https:\/\/jm-metropole.com.br\/site\/wp-json\/wp\/v2\/types\/post"}],"author":[{"embeddable":true,"href":"https:\/\/jm-metropole.com.br\/site\/wp-json\/wp\/v2\/users\/1"}],"replies":[{"embeddable":true,"href":"https:\/\/jm-metropole.com.br\/site\/wp-json\/wp\/v2\/comments?post=27325"}],"version-history":[{"count":1,"href":"https:\/\/jm-metropole.com.br\/site\/wp-json\/wp\/v2\/posts\/27325\/revisions"}],"predecessor-version":[{"id":27327,"href":"https:\/\/jm-metropole.com.br\/site\/wp-json\/wp\/v2\/posts\/27325\/revisions\/27327"}],"wp:featuredmedia":[{"embeddable":true,"href":"https:\/\/jm-metropole.com.br\/site\/wp-json\/wp\/v2\/media\/27326"}],"wp:attachment":[{"href":"https:\/\/jm-metropole.com.br\/site\/wp-json\/wp\/v2\/media?parent=27325"}],"wp:term":[{"taxonomy":"category","embeddable":true,"href":"https:\/\/jm-metropole.com.br\/site\/wp-json\/wp\/v2\/categories?post=27325"},{"taxonomy":"post_tag","embeddable":true,"href":"https:\/\/jm-metropole.com.br\/site\/wp-json\/wp\/v2\/tags?post=27325"}],"curies":[{"name":"wp","href":"https:\/\/api.w.org\/{rel}","templated":true}]}}