{"id":27322,"date":"2025-09-24T12:36:07","date_gmt":"2025-09-24T15:36:07","guid":{"rendered":"https:\/\/jm-metropole.com.br\/site\/?p=27322"},"modified":"2025-09-24T12:36:07","modified_gmt":"2025-09-24T15:36:07","slug":"orquestra-jovem-municipal-realiza-concerto-gratuito-no-adamastor-neste-sabado","status":"publish","type":"post","link":"https:\/\/jm-metropole.com.br\/site\/orquestra-jovem-municipal-realiza-concerto-gratuito-no-adamastor-neste-sabado\/","title":{"rendered":"Orquestra Jovem Municipal realiza concerto gratuito no Adamastor neste s\u00e1bado"},"content":{"rendered":"<p>A Orquestra Jovem Municipal de Guarulhos sobe ao palco em espet\u00e1culo gratuito neste s\u00e1bado (27), \u00e0s 20h, no Teatro Adamastor. Sob comando do maestro Marcelo Mendon\u00e7a, que tamb\u00e9m ocupa a posi\u00e7\u00e3o de diretor do Conservat\u00f3rio Municipal de Artes, os m\u00fasicos apresentam um programa vibrante que celebra a for\u00e7a e a diversidade da m\u00fasica latino-americana.<\/p>\n<p>O concerto re\u00fane obras de grandes mestres que souberam traduzir em linguagem sinf\u00f4nica as cores, os ritmos e as express\u00f5es de seus pa\u00edses, dialogando com as m\u00fasicas populares de cada regi\u00e3o. Ser\u00e3o apresentadas pe\u00e7as de compositores como o argentino Astor Piazzolla, dos brasileiros C\u00e9sar Guerra-Peixe e Heitor Villa-Lobos e do mexicano Arturo M\u00e1rquez.<\/p>\n<p>Der acordo com o maestro Marcelo Mendon\u00e7a, a Orquestra Jovem Municipal vive uma nova fase, ap\u00f3s passar por um processo de reformula\u00e7\u00e3o, e agora apresenta um repert\u00f3rio que une o erudito com as ra\u00edzes populares.<\/p>\n<p>Agenda<\/p>\n<p>\u00c9 poss\u00edvel conferir a agenda de eventos da Prefeitura de Guarulhos atrav\u00e9s do portal www.guarulhos.sp.gov.br\/agenda.<\/p>\n<p>Servi\u00e7o<\/p>\n<p>Orquestra Jovem Municipal de Guarulhos no Teatro Adamastor<br \/>\nDia 27 de setembro \u2013 s\u00e1bado &#8211; \u00e0s 20h | Avenida Monteiro Lobato, 734 \u2013 Macedo<br \/>\nGratuito | Distribui\u00e7\u00e3o de ingressos com 1 hora de anteced\u00eancia<br \/>\nClassifica\u00e7\u00e3o: Livre<\/p>\n","protected":false},"excerpt":{"rendered":"<p>A Orquestra Jovem Municipal de Guarulhos sobe ao palco em espet\u00e1culo gratuito neste s\u00e1bado (27), \u00e0s 20h, no Teatro Adamastor. Sob comando do maestro Marcelo Mendon\u00e7a, que tamb\u00e9m ocupa a posi\u00e7\u00e3o de diretor do Conservat\u00f3rio Municipal de Artes, os m\u00fasicos apresentam um programa vibrante que celebra a for\u00e7a e a diversidade da m\u00fasica latino-americana. O [&hellip;]<\/p>\n","protected":false},"author":1,"featured_media":27323,"comment_status":"open","ping_status":"open","sticky":false,"template":"","format":"standard","meta":{"footnotes":""},"categories":[3],"tags":[],"class_list":{"0":"post-27322","1":"post","2":"type-post","3":"status-publish","4":"format-standard","5":"has-post-thumbnail","7":"category-guarulhos"},"_links":{"self":[{"href":"https:\/\/jm-metropole.com.br\/site\/wp-json\/wp\/v2\/posts\/27322","targetHints":{"allow":["GET"]}}],"collection":[{"href":"https:\/\/jm-metropole.com.br\/site\/wp-json\/wp\/v2\/posts"}],"about":[{"href":"https:\/\/jm-metropole.com.br\/site\/wp-json\/wp\/v2\/types\/post"}],"author":[{"embeddable":true,"href":"https:\/\/jm-metropole.com.br\/site\/wp-json\/wp\/v2\/users\/1"}],"replies":[{"embeddable":true,"href":"https:\/\/jm-metropole.com.br\/site\/wp-json\/wp\/v2\/comments?post=27322"}],"version-history":[{"count":1,"href":"https:\/\/jm-metropole.com.br\/site\/wp-json\/wp\/v2\/posts\/27322\/revisions"}],"predecessor-version":[{"id":27324,"href":"https:\/\/jm-metropole.com.br\/site\/wp-json\/wp\/v2\/posts\/27322\/revisions\/27324"}],"wp:featuredmedia":[{"embeddable":true,"href":"https:\/\/jm-metropole.com.br\/site\/wp-json\/wp\/v2\/media\/27323"}],"wp:attachment":[{"href":"https:\/\/jm-metropole.com.br\/site\/wp-json\/wp\/v2\/media?parent=27322"}],"wp:term":[{"taxonomy":"category","embeddable":true,"href":"https:\/\/jm-metropole.com.br\/site\/wp-json\/wp\/v2\/categories?post=27322"},{"taxonomy":"post_tag","embeddable":true,"href":"https:\/\/jm-metropole.com.br\/site\/wp-json\/wp\/v2\/tags?post=27322"}],"curies":[{"name":"wp","href":"https:\/\/api.w.org\/{rel}","templated":true}]}}