{"id":27319,"date":"2025-09-24T11:53:22","date_gmt":"2025-09-24T14:53:22","guid":{"rendered":"https:\/\/jm-metropole.com.br\/site\/?p=27319"},"modified":"2025-09-24T11:53:22","modified_gmt":"2025-09-24T14:53:22","slug":"um-domingo-de-comemoracoes-e-oportunidades","status":"publish","type":"post","link":"https:\/\/jm-metropole.com.br\/site\/um-domingo-de-comemoracoes-e-oportunidades\/","title":{"rendered":"UM DOMINGO DE COMEMORA\u00c7\u00d5ES E OPORTUNIDADES"},"content":{"rendered":"<p>Domingo (21) ocorreu mais uma edi\u00e7\u00e3o da Feira do Microempreendedor e tamb\u00e9m o anivers\u00e1rio de 10 anos do Encontro Mensal de Antiguidades de Aruj\u00e1 (EMAA). O evento levou amigos e familiares para a Pra\u00e7a do Coreto e ficou marcado como uma viagem no tempo na mem\u00f3ria do p\u00fablico presente.<\/p>\n<p>Durante o evento, foi poss\u00edvel apreciar a exposi\u00e7\u00e3o de carros, motos, bicicletas, brinquedos e objetos vintage que contaram hist\u00f3rias de gera\u00e7\u00f5es, assim como curtir os shows contagiantes das bandas Backsider 180 e Impala\u2019s, que trouxeram o melhor do rock.<\/p>\n<p>A Feira do Microempreendedor, como de costume, valorizou o que \u00e9 da cidade, impulsionando os neg\u00f3cios locais. No local, os presentes ainda puderam apreciar a gastronomia local e doces artesanais, assim como os brech\u00f3s e a feirinha ofereceram pe\u00e7as \u00fanicas. Al\u00e9m disso, foram arrecadados alimentos n\u00e3o perec\u00edveis que ser\u00e3o direcionados ao Fundo Social de Solidariedade.<\/p>\n","protected":false},"excerpt":{"rendered":"<p>Domingo (21) ocorreu mais uma edi\u00e7\u00e3o da Feira do Microempreendedor e tamb\u00e9m o anivers\u00e1rio de 10 anos do Encontro Mensal de Antiguidades de Aruj\u00e1 (EMAA). O evento levou amigos e familiares para a Pra\u00e7a do Coreto e ficou marcado como uma viagem no tempo na mem\u00f3ria do p\u00fablico presente. Durante o evento, foi poss\u00edvel apreciar [&hellip;]<\/p>\n","protected":false},"author":1,"featured_media":27320,"comment_status":"open","ping_status":"open","sticky":false,"template":"","format":"standard","meta":{"footnotes":""},"categories":[4],"tags":[],"class_list":{"0":"post-27319","1":"post","2":"type-post","3":"status-publish","4":"format-standard","5":"has-post-thumbnail","7":"category-aruja"},"_links":{"self":[{"href":"https:\/\/jm-metropole.com.br\/site\/wp-json\/wp\/v2\/posts\/27319","targetHints":{"allow":["GET"]}}],"collection":[{"href":"https:\/\/jm-metropole.com.br\/site\/wp-json\/wp\/v2\/posts"}],"about":[{"href":"https:\/\/jm-metropole.com.br\/site\/wp-json\/wp\/v2\/types\/post"}],"author":[{"embeddable":true,"href":"https:\/\/jm-metropole.com.br\/site\/wp-json\/wp\/v2\/users\/1"}],"replies":[{"embeddable":true,"href":"https:\/\/jm-metropole.com.br\/site\/wp-json\/wp\/v2\/comments?post=27319"}],"version-history":[{"count":1,"href":"https:\/\/jm-metropole.com.br\/site\/wp-json\/wp\/v2\/posts\/27319\/revisions"}],"predecessor-version":[{"id":27321,"href":"https:\/\/jm-metropole.com.br\/site\/wp-json\/wp\/v2\/posts\/27319\/revisions\/27321"}],"wp:featuredmedia":[{"embeddable":true,"href":"https:\/\/jm-metropole.com.br\/site\/wp-json\/wp\/v2\/media\/27320"}],"wp:attachment":[{"href":"https:\/\/jm-metropole.com.br\/site\/wp-json\/wp\/v2\/media?parent=27319"}],"wp:term":[{"taxonomy":"category","embeddable":true,"href":"https:\/\/jm-metropole.com.br\/site\/wp-json\/wp\/v2\/categories?post=27319"},{"taxonomy":"post_tag","embeddable":true,"href":"https:\/\/jm-metropole.com.br\/site\/wp-json\/wp\/v2\/tags?post=27319"}],"curies":[{"name":"wp","href":"https:\/\/api.w.org\/{rel}","templated":true}]}}