{"id":27306,"date":"2025-09-23T05:13:33","date_gmt":"2025-09-23T08:13:33","guid":{"rendered":"https:\/\/jm-metropole.com.br\/site\/?p=27306"},"modified":"2025-09-23T05:13:33","modified_gmt":"2025-09-23T08:13:33","slug":"brasil-conquista-a-copa-das-nacoes-de-futsal","status":"publish","type":"post","link":"https:\/\/jm-metropole.com.br\/site\/brasil-conquista-a-copa-das-nacoes-de-futsal\/","title":{"rendered":"Brasil conquista a Copa das Na\u00e7\u00f5es de Futsal"},"content":{"rendered":"<div class=\"header-noticia full-width\">\n<div class=\"linha-fina-noticia\">T\u00edtulo foi garantido com vit\u00f3ria de 2 a 1 sobre a Pol\u00f4nia<\/div>\n<\/div>\n<div class=\"container-autoria\"><\/div>\n<div>\n<p>A sele\u00e7\u00e3o brasileira conquistou, no \u00faltimo domingo (21) no Gin\u00e1sio Nilson Nelson, em Bras\u00edlia, a Copa das Na\u00e7\u00f5es de Futsal. O t\u00edtulo foi garantido ap\u00f3s uma vit\u00f3ria pelo placar de 2 a 1 sobre a Pol\u00f4nia.<img decoding=\"async\" src=\"https:\/\/agenciabrasil.ebc.com.br\/ebc.png?id=1659807&amp;o=node\" \/><img decoding=\"async\" src=\"https:\/\/agenciabrasil.ebc.com.br\/ebc.gif?id=1659807&amp;o=node\" \/><\/p>\n<p>Para garantir pela segunda vez na hist\u00f3ria o t\u00edtulo da competi\u00e7\u00e3o, o Brasil fez uma campanha com 100% de aproveitamento, somando quatro vit\u00f3rias em quatro partidas.<\/p>\n<p>Na decis\u00e3o da competi\u00e7\u00e3o, a Pol\u00f4nia abriu o placar aos 13 minutos do primeiro tempo, quando o goleiro William fez defesa parcial e Kubik aproveitou o rebote para marcar. Por\u00e9m, antes do intervalo a sele\u00e7\u00e3o brasileira conseguiu igualar o marcador gra\u00e7as a gol de Matheus.<\/p>\n<p>O gol da vit\u00f3ria e do t\u00edtulo veio apenas na etapa final, nos minutos finais do confronto. O t\u00e9cnico Marquinhos Xavier recorreu \u00e0 estrat\u00e9gia do goleiro-linha e Pito marcou o segundo do Brasil.<\/p>\n<p>*Com informa\u00e7\u00f5es de Ag\u00eancia Brasil<\/p>\n<\/div>\n","protected":false},"excerpt":{"rendered":"<p>T\u00edtulo foi garantido com vit\u00f3ria de 2 a 1 sobre a Pol\u00f4nia A sele\u00e7\u00e3o brasileira conquistou, no \u00faltimo domingo (21) no Gin\u00e1sio Nilson Nelson, em Bras\u00edlia, a Copa das Na\u00e7\u00f5es de Futsal. O t\u00edtulo foi garantido ap\u00f3s uma vit\u00f3ria pelo placar de 2 a 1 sobre a Pol\u00f4nia. Para garantir pela segunda vez na hist\u00f3ria [&hellip;]<\/p>\n","protected":false},"author":1,"featured_media":27307,"comment_status":"open","ping_status":"open","sticky":false,"template":"","format":"standard","meta":{"footnotes":""},"categories":[12],"tags":[],"class_list":{"0":"post-27306","1":"post","2":"type-post","3":"status-publish","4":"format-standard","5":"has-post-thumbnail","7":"category-esporte"},"_links":{"self":[{"href":"https:\/\/jm-metropole.com.br\/site\/wp-json\/wp\/v2\/posts\/27306","targetHints":{"allow":["GET"]}}],"collection":[{"href":"https:\/\/jm-metropole.com.br\/site\/wp-json\/wp\/v2\/posts"}],"about":[{"href":"https:\/\/jm-metropole.com.br\/site\/wp-json\/wp\/v2\/types\/post"}],"author":[{"embeddable":true,"href":"https:\/\/jm-metropole.com.br\/site\/wp-json\/wp\/v2\/users\/1"}],"replies":[{"embeddable":true,"href":"https:\/\/jm-metropole.com.br\/site\/wp-json\/wp\/v2\/comments?post=27306"}],"version-history":[{"count":1,"href":"https:\/\/jm-metropole.com.br\/site\/wp-json\/wp\/v2\/posts\/27306\/revisions"}],"predecessor-version":[{"id":27308,"href":"https:\/\/jm-metropole.com.br\/site\/wp-json\/wp\/v2\/posts\/27306\/revisions\/27308"}],"wp:featuredmedia":[{"embeddable":true,"href":"https:\/\/jm-metropole.com.br\/site\/wp-json\/wp\/v2\/media\/27307"}],"wp:attachment":[{"href":"https:\/\/jm-metropole.com.br\/site\/wp-json\/wp\/v2\/media?parent=27306"}],"wp:term":[{"taxonomy":"category","embeddable":true,"href":"https:\/\/jm-metropole.com.br\/site\/wp-json\/wp\/v2\/categories?post=27306"},{"taxonomy":"post_tag","embeddable":true,"href":"https:\/\/jm-metropole.com.br\/site\/wp-json\/wp\/v2\/tags?post=27306"}],"curies":[{"name":"wp","href":"https:\/\/api.w.org\/{rel}","templated":true}]}}