{"id":27295,"date":"2025-09-23T04:46:22","date_gmt":"2025-09-23T07:46:22","guid":{"rendered":"https:\/\/jm-metropole.com.br\/site\/?p=27295"},"modified":"2025-09-23T04:46:22","modified_gmt":"2025-09-23T07:46:22","slug":"1o-congresso-de-habitacao-e-regularizacao-fundiaria-de-itaqua-comeca-nesta-quinta-25","status":"publish","type":"post","link":"https:\/\/jm-metropole.com.br\/site\/1o-congresso-de-habitacao-e-regularizacao-fundiaria-de-itaqua-comeca-nesta-quinta-25\/","title":{"rendered":"1\u00ba Congresso de Habita\u00e7\u00e3o e Regulariza\u00e7\u00e3o Fundi\u00e1ria de Itaqu\u00e1 come\u00e7a nesta quinta (25)"},"content":{"rendered":"<p>Encontro \u00e9 gratuito e aberto ao p\u00fablico<\/p>\n<p>Itaquaquecetuba vai sediar nesta quinta (25) e sexta-feira (26), o seu 1\u00ba Congresso de Habita\u00e7\u00e3o e Regulariza\u00e7\u00e3o Fundi\u00e1ria para fomentar o debate sobre moradia digna, pol\u00edtica habitacional e regulariza\u00e7\u00e3o fundi\u00e1ria.<\/p>\n<p>O evento promovido em parceria com o Instituto Habita vai reunir especialistas, gestores p\u00fablicos, profissionais do setor e a sociedade civil no Moviecom P\u00e1teo Itaqu\u00e1 (avenida \u00cdtalo Adami, 1.809 \u2013 Vila Zeferina), das 9h \u00e0s 17h30. O evento \u00e9 gratuito e aberto ao p\u00fablico.<\/p>\n<p>A programa\u00e7\u00e3o conta com palestras, pain\u00e9is e mesas de debate que abordar\u00e3o temas urban\u00edsticos, jur\u00eddicos e sociais, trazendo conte\u00fados t\u00e9cnicos e experi\u00eancias de sucesso adotadas pelos munic\u00edpios, com foco na aplica\u00e7\u00e3o pr\u00e1tica e na inova\u00e7\u00e3o.<\/p>\n<p>Na abertura, estar\u00e3o presentes o prefeito Eduardo Boigues, a secret\u00e1ria de Habita\u00e7\u00e3o, Angela Quirino, e o presidente do Instituto Habita, Louren\u00e7o Andreatta. A lista de palestrantes inclui nomes como Candel\u00e1ria Reyes, secret\u00e1ria executiva do Cidade Legal, Filomeno de Abreu, membro do Minist\u00e9rio das Cidades, Jos\u00e9 Police Neto, subsecret\u00e1rio estadual de Desenvolvimento Urbano, e Fernando Marangoni, deputado federal. A programa\u00e7\u00e3o est\u00e1 dispon\u00edvel em institutohabita.com.br\/chrfitaqua. No mesmo link tamb\u00e9m \u00e9 poss\u00edvel se inscrever para participar.<\/p>\n<p>\u201cA regulariza\u00e7\u00e3o fundi\u00e1ria \u00e9 uma das principais ferramentas para garantir o direito \u00e0 moradia digna e promover a inclus\u00e3o social, e esse congresso \u00e9 uma oportunidade para a troca de experi\u00eancias e constru\u00e7\u00e3o coletiva de solu\u00e7\u00f5es para transformar a realidade de milhares de fam\u00edlias que ainda vivem em situa\u00e7\u00e3o de vulnerabilidade\u201d, disse a secret\u00e1ria de Habita\u00e7\u00e3o, Angela Quirino.<\/p>\n<p>O evento \u00e9 direcionado a gestores p\u00fablicos, profissionais das \u00e1reas de habita\u00e7\u00e3o e urbanismo, acad\u00eamicos, estudantes, lideran\u00e7as comunit\u00e1rias e todos que buscam contribuir para o aprimoramento das pol\u00edticas habitacionais e para o desenvolvimento urbano sustent\u00e1vel.<\/p>\n<p>\u201cQueremos fortalecer o di\u00e1logo entre o poder p\u00fablico, especialistas e a sociedade civil para avan\u00e7armos em pol\u00edticas habitacionais eficazes. O congresso chega para refor\u00e7ar esse compromisso, trazendo especialistas de todo o pa\u00eds para debater solu\u00e7\u00f5es inovadoras e vi\u00e1veis para Itaqu\u00e1 e para o Brasil\u201d, completou o prefeito Eduardo Boigues.<\/p>\n<p>Fotos: Dayane Oliveira<\/p>\n","protected":false},"excerpt":{"rendered":"<p>Encontro \u00e9 gratuito e aberto ao p\u00fablico Itaquaquecetuba vai sediar nesta quinta (25) e sexta-feira (26), o seu 1\u00ba Congresso de Habita\u00e7\u00e3o e Regulariza\u00e7\u00e3o Fundi\u00e1ria para fomentar o debate sobre moradia digna, pol\u00edtica habitacional e regulariza\u00e7\u00e3o fundi\u00e1ria. O evento promovido em parceria com o Instituto Habita vai reunir especialistas, gestores p\u00fablicos, profissionais do setor e [&hellip;]<\/p>\n","protected":false},"author":1,"featured_media":27296,"comment_status":"open","ping_status":"open","sticky":false,"template":"","format":"standard","meta":{"footnotes":""},"categories":[6],"tags":[],"class_list":{"0":"post-27295","1":"post","2":"type-post","3":"status-publish","4":"format-standard","5":"has-post-thumbnail","7":"category-itaqua"},"_links":{"self":[{"href":"https:\/\/jm-metropole.com.br\/site\/wp-json\/wp\/v2\/posts\/27295","targetHints":{"allow":["GET"]}}],"collection":[{"href":"https:\/\/jm-metropole.com.br\/site\/wp-json\/wp\/v2\/posts"}],"about":[{"href":"https:\/\/jm-metropole.com.br\/site\/wp-json\/wp\/v2\/types\/post"}],"author":[{"embeddable":true,"href":"https:\/\/jm-metropole.com.br\/site\/wp-json\/wp\/v2\/users\/1"}],"replies":[{"embeddable":true,"href":"https:\/\/jm-metropole.com.br\/site\/wp-json\/wp\/v2\/comments?post=27295"}],"version-history":[{"count":1,"href":"https:\/\/jm-metropole.com.br\/site\/wp-json\/wp\/v2\/posts\/27295\/revisions"}],"predecessor-version":[{"id":27297,"href":"https:\/\/jm-metropole.com.br\/site\/wp-json\/wp\/v2\/posts\/27295\/revisions\/27297"}],"wp:featuredmedia":[{"embeddable":true,"href":"https:\/\/jm-metropole.com.br\/site\/wp-json\/wp\/v2\/media\/27296"}],"wp:attachment":[{"href":"https:\/\/jm-metropole.com.br\/site\/wp-json\/wp\/v2\/media?parent=27295"}],"wp:term":[{"taxonomy":"category","embeddable":true,"href":"https:\/\/jm-metropole.com.br\/site\/wp-json\/wp\/v2\/categories?post=27295"},{"taxonomy":"post_tag","embeddable":true,"href":"https:\/\/jm-metropole.com.br\/site\/wp-json\/wp\/v2\/tags?post=27295"}],"curies":[{"name":"wp","href":"https:\/\/api.w.org\/{rel}","templated":true}]}}