{"id":27289,"date":"2025-09-22T18:37:01","date_gmt":"2025-09-22T21:37:01","guid":{"rendered":"https:\/\/jm-metropole.com.br\/site\/?p=27289"},"modified":"2025-09-22T18:37:01","modified_gmt":"2025-09-22T21:37:01","slug":"fies-2025-mec-define-regras-para-oferta-de-vagas-remanescentes","status":"publish","type":"post","link":"https:\/\/jm-metropole.com.br\/site\/fies-2025-mec-define-regras-para-oferta-de-vagas-remanescentes\/","title":{"rendered":"Fies\/2025: MEC define regras para oferta de vagas remanescentes"},"content":{"rendered":"<div class=\"header-noticia full-width\">\n<div class=\"linha-fina-noticia\">Faculdades privadas podem aderir ao programa de 1\u00ba a 8 de outubro<\/div>\n<\/div>\n<div class=\"container-autoria\"><\/div>\n<div>\n<p>O Minist\u00e9rio da Educa\u00e7\u00e3o (MEC) publicou no\u00a0<em>Di\u00e1rio Oficial da Uni\u00e3o (DOU)<\/em>\u00a0desta segunda-feira (22) o\u00a0<a href=\"https:\/\/www.in.gov.br\/en\/web\/dou\/-\/edital-n-18-de-16-de-setembro-de-2025-657351592\" target=\"_blank\" rel=\"noopener\">edital<\/a>\u00a0que define as regras e o cronograma para a oferta de as vagas n\u00e3o preenchidas do Fundo de Financiamento Estudantil (Fies) pelas faculdades privadas de institui\u00e7\u00f5es privadas de ensino superior.<img decoding=\"async\" src=\"https:\/\/agenciabrasil.ebc.com.br\/ebc.png?id=1659777&amp;o=node\" \/><img decoding=\"async\" src=\"https:\/\/agenciabrasil.ebc.com.br\/ebc.gif?id=1659777&amp;o=node\" \/><\/p>\n<p><strong>As vagas remanescentes e os respectivos cursos de gradua\u00e7\u00e3o relativos ao segundo semestre de 2025 devem ser informados pelas institui\u00e7\u00f5es privadas de ensino superior de 1\u00ba de outubro at\u00e9 \u00e0s 23h59 (hor\u00e1rio de Bras\u00edlia) de 8 de outubro.<\/strong><\/p>\n<p>As faculdades precisam acessar o Sistema Informatizado do Fies (Sisfies), no\u00a0<a href=\"https:\/\/fiesgestao.mec.gov.br\/principal\/autenticacao\" target=\"_blank\" rel=\"noopener\">m\u00f3dulo FiesOferta<\/a>\u00a0do MEC para informar quais cursos de gradua\u00e7\u00e3o e quantas vagas de remanescentes estar\u00e3o dispon\u00edveis para o Fies neste semestre.<\/p>\n<p><strong>A comunica\u00e7\u00e3o deve ser acompanhada do termo de participa\u00e7\u00e3o emitido pela entidade.<\/strong><\/p>\n<p>As regras gerais para a participa\u00e7\u00e3o das faculdades privadas no programa Fies estabelecem que a institui\u00e7\u00e3o precisa ter uma ades\u00e3o v\u00e1lida ao Fies e os cursos com oferta de vagas devem ter uma avalia\u00e7\u00e3o positiva do MEC.<\/p>\n<p>O prazo para as eventuais corre\u00e7\u00f5es por parte das institui\u00e7\u00f5es de ensino participantes desta edi\u00e7\u00e3o do Fies ser\u00e1 de 9 a 14 de outubro.<\/p>\n<p><a href=\"https:\/\/www.whatsapp.com\/channel\/0029VaoRTgrInlqYLSk59B2M\" target=\"_blank\" rel=\"noopener\">&gt;&gt; Siga o canal da\u00a0<strong>Ag\u00eancia Brasil\u00a0<\/strong>no WhatsApp<\/a><\/p>\n<h2>Estudantes<\/h2>\n<p><strong>O MEC anuncia que, a partir de 14 de outubro, est\u00e1 prevista a publica\u00e7\u00e3o de outro edital que definir\u00e1 as regras e o cronograma da inscri\u00e7\u00e3o, desta vez, dos estudantes no processo seletivo de ocupa\u00e7\u00e3o das vagas remanescentes referentes ao segundo semestre deste ano.<\/strong><\/p>\n<p>Somente os universit\u00e1rios que t\u00eam a possibilidade de atingir a frequ\u00eancia m\u00ednima exigida para o segundo semestre poder\u00e3o se candidatar \u00e0s vagas remanescentes do Fies.<\/p>\n<p>*Com informa\u00e7\u00f5es de Ag\u00eancia Brasil<\/p>\n<\/div>\n","protected":false},"excerpt":{"rendered":"<p>Faculdades privadas podem aderir ao programa de 1\u00ba a 8 de outubro O Minist\u00e9rio da Educa\u00e7\u00e3o (MEC) publicou no\u00a0Di\u00e1rio Oficial da Uni\u00e3o (DOU)\u00a0desta segunda-feira (22) o\u00a0edital\u00a0que define as regras e o cronograma para a oferta de as vagas n\u00e3o preenchidas do Fundo de Financiamento Estudantil (Fies) pelas faculdades privadas de institui\u00e7\u00f5es privadas de ensino superior. [&hellip;]<\/p>\n","protected":false},"author":1,"featured_media":27290,"comment_status":"open","ping_status":"open","sticky":false,"template":"","format":"standard","meta":{"footnotes":""},"categories":[14],"tags":[],"class_list":{"0":"post-27289","1":"post","2":"type-post","3":"status-publish","4":"format-standard","5":"has-post-thumbnail","7":"category-educacao"},"_links":{"self":[{"href":"https:\/\/jm-metropole.com.br\/site\/wp-json\/wp\/v2\/posts\/27289","targetHints":{"allow":["GET"]}}],"collection":[{"href":"https:\/\/jm-metropole.com.br\/site\/wp-json\/wp\/v2\/posts"}],"about":[{"href":"https:\/\/jm-metropole.com.br\/site\/wp-json\/wp\/v2\/types\/post"}],"author":[{"embeddable":true,"href":"https:\/\/jm-metropole.com.br\/site\/wp-json\/wp\/v2\/users\/1"}],"replies":[{"embeddable":true,"href":"https:\/\/jm-metropole.com.br\/site\/wp-json\/wp\/v2\/comments?post=27289"}],"version-history":[{"count":1,"href":"https:\/\/jm-metropole.com.br\/site\/wp-json\/wp\/v2\/posts\/27289\/revisions"}],"predecessor-version":[{"id":27291,"href":"https:\/\/jm-metropole.com.br\/site\/wp-json\/wp\/v2\/posts\/27289\/revisions\/27291"}],"wp:featuredmedia":[{"embeddable":true,"href":"https:\/\/jm-metropole.com.br\/site\/wp-json\/wp\/v2\/media\/27290"}],"wp:attachment":[{"href":"https:\/\/jm-metropole.com.br\/site\/wp-json\/wp\/v2\/media?parent=27289"}],"wp:term":[{"taxonomy":"category","embeddable":true,"href":"https:\/\/jm-metropole.com.br\/site\/wp-json\/wp\/v2\/categories?post=27289"},{"taxonomy":"post_tag","embeddable":true,"href":"https:\/\/jm-metropole.com.br\/site\/wp-json\/wp\/v2\/tags?post=27289"}],"curies":[{"name":"wp","href":"https:\/\/api.w.org\/{rel}","templated":true}]}}