{"id":27187,"date":"2025-09-16T06:31:02","date_gmt":"2025-09-16T09:31:02","guid":{"rendered":"https:\/\/jm-metropole.com.br\/site\/?p=27187"},"modified":"2025-09-16T06:31:02","modified_gmt":"2025-09-16T09:31:02","slug":"nova-fase-do-muralha-paulista-integra-cameras-de-moradores-e-comercios","status":"publish","type":"post","link":"https:\/\/jm-metropole.com.br\/site\/nova-fase-do-muralha-paulista-integra-cameras-de-moradores-e-comercios\/","title":{"rendered":"Nova fase do Muralha Paulista integra c\u00e2meras de moradores e com\u00e9rcios"},"content":{"rendered":"<div class=\"elementor-element elementor-element-4784657 elementor-widget__width-initial elementor-widget elementor-widget-theme-post-excerpt\" data-id=\"4784657\" data-element_type=\"widget\" data-widget_type=\"theme-post-excerpt.default\">\n<div class=\"elementor-widget-container\">Programa j\u00e1 est\u00e1 presente em mais de 200 munic\u00edpios e amplia pris\u00f5es e redu\u00e7\u00e3o de crimes em S\u00e3o Paulo<\/div>\n<\/div>\n<div class=\"elementor-element elementor-element-4b063fb elementor-widget elementor-widget-image\" data-id=\"4b063fb\" data-element_type=\"widget\" data-widget_type=\"image.default\"><\/div>\n<div data-id=\"4b063fb\" data-element_type=\"widget\" data-widget_type=\"image.default\">\n<p><a role=\"link\" href=\"https:\/\/www.agenciasp.sp.gov.br\/muralha-paulista-inicia-nova-fase-de-cadastro-de-cameras-de-pessoas-fisicas-e-juridicas-em-todo-o-estado\/\">O programa Muralha Paulista, do Governo de S\u00e3o Paulo, entrou em uma nova etapa de expans\u00e3o<\/a>. A partir de agora, qualquer cidad\u00e3o ou com\u00e9rcio pode integrar suas c\u00e2meras particulares ao sistema de monitoramento policial do Estado de S\u00e3o Paulo. Em participa\u00e7\u00e3o no\u00a0<em>SP em 3, 2, 1<\/em>, programa da\u00a0<strong>Ag\u00eancia SP<\/strong>, o coordenador do Centro Integrado de Comando e Controle (CICC), Rodrigo Vilardi, detalhou a nova fase do programa.<\/p>\n<p>Para cadastrar uma c\u00e2mera particular, \u00e9 preciso acessar o site\u00a0<a role=\"link\" href=\"http:\/\/www.portaldaseguranca.sp.gov.br\/login\" target=\"_blank\" rel=\"noreferrer noopener\">www.portaldaseguranca.sp.gov.br\/login<\/a>, fazer o login com a conta Gov.br e preencher as informa\u00e7\u00f5es requisitadas. A c\u00e2mera precisa estar voltada para um ambiente p\u00fablico.<\/p>\n<p>As imagens fornecidas ficam em um banco de dados coordenado pela Secretaria da Seguran\u00e7a P\u00fablica (SSP). Elas ajudam no\u00a0<a role=\"link\" href=\"https:\/\/www.agenciasp.sp.gov.br\/sao-paulo-vai-emitir-700-alertas-para-celulares-com-queixa-de-roubo-em-todo-o-estado\/\">controle da mobilidade criminal no territ\u00f3rio paulista<\/a>, com pris\u00f5es de foragidos da Justi\u00e7a por meio de reconhecimento facial. Tamb\u00e9m auxiliam na recupera\u00e7\u00e3o de ve\u00edculos roubados ou furtados e na localiza\u00e7\u00e3o de pessoas desaparecidas.<\/p>\n<p>N\u00e3o h\u00e1 limite de quantidade: uma resid\u00eancia pode cadastrar uma c\u00e2mera, enquanto empresas e com\u00e9rcios podem disponibilizar dezenas. Para garantir a conformidade e a seguran\u00e7a dos dados, o volunt\u00e1rio precisa consentir um termo de ades\u00e3o que formaliza a autoriza\u00e7\u00e3o para o uso das imagens captadas.<\/p>\n<p>\u00c9 importante ressaltar que o\u00a0<a role=\"link\" href=\"https:\/\/www.agenciasp.sp.gov.br\/muralha-paulista-8-procurados-da-justica-sao-presos-apos-reconhecimento-facial-no-estadio-do-corinthians\/\">sistema do Muralha Paulista<\/a>\u00a0opera com perfis de acesso restritos, em total conformidade com a Lei Geral de Prote\u00e7\u00e3o de Dados (LGPD), assegurando a privacidade e o uso \u00e9tico das informa\u00e7\u00f5es.<\/p>\n<figure class=\"wp-block-embed is-type-video is-provider-youtube wp-block-embed-youtube wp-embed-aspect-16-9 wp-has-aspect-ratio\">\n<div class=\"wp-block-embed__wrapper\"><iframe loading=\"lazy\" title=\"Com\u00e9rcios podem integrar c\u00e2meras a sistemas policiais em S\u00e3o Paulo\" src=\"https:\/\/www.youtube.com\/embed\/yINnzluuj3o?feature=oembed\" width=\"800\" height=\"450\" frameborder=\"0\" allowfullscreen=\"allowfullscreen\"><\/iframe><\/div>\n<\/figure>\n<p>Para refor\u00e7ar a preven\u00e7\u00e3o, o sistema oferece tamb\u00e9m placas e materiais gr\u00e1ficos que podem ser fixados em \u00e1reas monitoradas, sinalizando que o local est\u00e1 conectado ao Muralha Paulista. \u201cQuando tiver uma ocorr\u00eancia, o policial pode antecipar o que est\u00e1 acontecendo mesmo antes de chegar. Ele j\u00e1 sabe o que vai encontrar\u201d, diz Vilardi.<\/p>\n<h2 class=\"wp-block-heading\">Como funciona o programa Muralha Paulista<\/h2>\n<p>Criado para reduzir a mobilidade criminal no Estado, o Muralha Paulista\u00a0<a role=\"link\" href=\"https:\/\/www.agenciasp.sp.gov.br\/parceria-entre-governo-de-sp-e-prefeitura-da-capital-viabiliza-cameras-com-reconhecimento-de-placas-para-motos-da-pm\/\">conecta sensores, leitores de placas, c\u00e2meras de monitoramento e de reconhecimento facial diretamente aos sistemas policiais<\/a>.<\/p>\n<p>Essa integra\u00e7\u00e3o amplia o acesso dos agentes \u00e0s imagens e permite o recebimento autom\u00e1tico de alertas sobre ve\u00edculos roubados, usados em crimes ou pertencentes a procurados.<\/p>\n<blockquote class=\"wp-block-quote is-layout-flow wp-block-quote-is-layout-flow\"><p>\u201cO programa Muralha Paulista \u00e9 um programa que visa diminuir a mobilidade criminal, ou seja, impedir que criminosos circulem facilmente pelo Estado de uma maneira impune\u201d, explica Vilardi.<\/p><\/blockquote>\n<p>Atualmente, mais de 200 munic\u00edpios j\u00e1 est\u00e3o integrados ao programa. A rede conta com 14 mil leitores de placas, 5 mil c\u00e2meras de reconhecimento facial e 17 mil c\u00e2meras de monitoramento em tempo real. Essa infraestrutura garante que as for\u00e7as de seguran\u00e7a tenham acesso imediato unificado a informa\u00e7\u00f5es.<\/p>\n<h2 class=\"wp-block-heading\">Resultados alcan\u00e7ados<\/h2>\n<p>Em agosto deste ano, o sistema do Muralha Paulista emitiu 180 mil alertas relacionados a ve\u00edculos roubados. \u201cIsso tem contribu\u00eddo, e isso \u00e9 o mais importante no final das contas, com a redu\u00e7\u00e3o dos indicadores criminais\u201d, aponta Vilardi.<\/p>\n<p>*Com informa\u00e7\u00f5es de Ag\u00eancia Brasil<\/p>\n<\/div>\n","protected":false},"excerpt":{"rendered":"<p>Programa j\u00e1 est\u00e1 presente em mais de 200 munic\u00edpios e amplia pris\u00f5es e redu\u00e7\u00e3o de crimes em S\u00e3o Paulo O programa Muralha Paulista, do Governo de S\u00e3o Paulo, entrou em uma nova etapa de expans\u00e3o. A partir de agora, qualquer cidad\u00e3o ou com\u00e9rcio pode integrar suas c\u00e2meras particulares ao sistema de monitoramento policial do Estado [&hellip;]<\/p>\n","protected":false},"author":1,"featured_media":27188,"comment_status":"open","ping_status":"open","sticky":false,"template":"","format":"standard","meta":{"footnotes":""},"categories":[1],"tags":[],"class_list":{"0":"post-27187","1":"post","2":"type-post","3":"status-publish","4":"format-standard","5":"has-post-thumbnail","7":"category-tudo"},"_links":{"self":[{"href":"https:\/\/jm-metropole.com.br\/site\/wp-json\/wp\/v2\/posts\/27187","targetHints":{"allow":["GET"]}}],"collection":[{"href":"https:\/\/jm-metropole.com.br\/site\/wp-json\/wp\/v2\/posts"}],"about":[{"href":"https:\/\/jm-metropole.com.br\/site\/wp-json\/wp\/v2\/types\/post"}],"author":[{"embeddable":true,"href":"https:\/\/jm-metropole.com.br\/site\/wp-json\/wp\/v2\/users\/1"}],"replies":[{"embeddable":true,"href":"https:\/\/jm-metropole.com.br\/site\/wp-json\/wp\/v2\/comments?post=27187"}],"version-history":[{"count":1,"href":"https:\/\/jm-metropole.com.br\/site\/wp-json\/wp\/v2\/posts\/27187\/revisions"}],"predecessor-version":[{"id":27189,"href":"https:\/\/jm-metropole.com.br\/site\/wp-json\/wp\/v2\/posts\/27187\/revisions\/27189"}],"wp:featuredmedia":[{"embeddable":true,"href":"https:\/\/jm-metropole.com.br\/site\/wp-json\/wp\/v2\/media\/27188"}],"wp:attachment":[{"href":"https:\/\/jm-metropole.com.br\/site\/wp-json\/wp\/v2\/media?parent=27187"}],"wp:term":[{"taxonomy":"category","embeddable":true,"href":"https:\/\/jm-metropole.com.br\/site\/wp-json\/wp\/v2\/categories?post=27187"},{"taxonomy":"post_tag","embeddable":true,"href":"https:\/\/jm-metropole.com.br\/site\/wp-json\/wp\/v2\/tags?post=27187"}],"curies":[{"name":"wp","href":"https:\/\/api.w.org\/{rel}","templated":true}]}}