{"id":27184,"date":"2025-09-16T06:27:51","date_gmt":"2025-09-16T09:27:51","guid":{"rendered":"https:\/\/jm-metropole.com.br\/site\/?p=27184"},"modified":"2025-09-16T06:27:51","modified_gmt":"2025-09-16T09:27:51","slug":"fastshop-fecha-acordo-com-mpsp-e-vai-pagar-r-100-milhoes-em-multas","status":"publish","type":"post","link":"https:\/\/jm-metropole.com.br\/site\/fastshop-fecha-acordo-com-mpsp-e-vai-pagar-r-100-milhoes-em-multas\/","title":{"rendered":"FastShop fecha acordo com MPSP e vai pagar R$ 100 milh\u00f5es em multas"},"content":{"rendered":"<div class=\"header-noticia full-width\">\n<div class=\"linha-fina-noticia\">Investigados ir\u00e3o implantar programa de compliance<\/div>\n<\/div>\n<div class=\"container-autoria\"><\/div>\n<div>\n<p><strong>Dois s\u00f3cios e um diretor da\u00a0empresa FastShop, envolvida\u00a0em esquema de desvio de recursos p\u00fablicos atrav\u00e9s de cr\u00e9ditos de ICMS, fechou acordo de n\u00e3o persecu\u00e7\u00e3o penal com o Minist\u00e9rio P\u00fablico de S\u00e3o Paulo (MPSP)<\/strong>.<img decoding=\"async\" src=\"https:\/\/agenciabrasil.ebc.com.br\/ebc.png?id=1658835&amp;o=node\" \/><img decoding=\"async\" src=\"https:\/\/agenciabrasil.ebc.com.br\/ebc.gif?id=1658835&amp;o=node\" \/><\/p>\n<p>Segundo a nota do Minist\u00e9rio P\u00fablico,\u00a0<strong>o acordo prev\u00ea que a empresa pagar\u00e1\u00a0R$100 milh\u00f5es a\u00a0<\/strong>t\u00edtulo de presta\u00e7\u00e3o pecuni\u00e1ria penal\u00a0<strong>, al\u00e9m da\u00a0devolu\u00e7\u00e3o dos valores desviado<\/strong>s.<\/p>\n<p>O MP afirma ainda que\u00a0<strong>&#8220;os investigados respons\u00e1veis pela empresa comprometeram-se, ainda, a implantar rigoroso programa de &#8216;compliance&#8217; e adotar novas pr\u00e1ticas empresariais<\/strong>, manifestando preocupa\u00e7\u00e3o da entidade empresarial na manuten\u00e7\u00e3o de sua atividade e dos empregos por ela gerados&#8221;.<\/p>\n<p>Opera\u00e7\u00e3o \u00cdcaro, deflagrada em agosto, revelou que\u00a0os\u00a0<strong>empres\u00e1rios pagavam os auditores fiscais da Fazenda estadual paulista\u00a0para que facilitassem o ressarcimento de cr\u00e9ditos de ICMS<\/strong>\u00a0junto \u00e0 Sefaz-SP. Todas as empresas varejistas contribuintes t\u00eam direito ao ressarcimento, por\u00e9m o procedimento \u00e9 complexo e tem prazos longos.<\/p>\n<p>De acordo com o MPSP,\u00a0 a empresa pagou \u00e0 Smart Tax, empresa de fachada dos fiscais envolvidos, o valor acima de\u00a0R$ 422 milh\u00f5es,\u00a0entre dezembro de 2021 e julho de 2025. O &#8220;investimento&#8221; teve o retorno de\u00a0R$ 1,5 bilh\u00e3o\u00a0atrav\u00e9s de cr\u00e9ditos de ressarcimento de ICMS.\u00a0<a href=\"https:\/\/agenciabrasil.ebc.com.br\/justica\/noticia\/2025-08\/diretores-da-ultrafarma-e-da-fast-shop-sao-soltos-em-sao-paulo\" target=\"_blank\" rel=\"noopener\">Diretor da FastShop foi preso<\/a>.<\/p>\n<p>Por meio de comunicados, a\u00a0Fast Shop afirmou, \u00e0 \u00e9poca,\u00a0que\u00a0est\u00e1 colaborando integralmente com as autoridades.<\/p>\n<p>*Com informa\u00e7\u00f5es de Ag\u00eancia Brasil<\/p>\n<\/div>\n","protected":false},"excerpt":{"rendered":"<p>Investigados ir\u00e3o implantar programa de compliance Dois s\u00f3cios e um diretor da\u00a0empresa FastShop, envolvida\u00a0em esquema de desvio de recursos p\u00fablicos atrav\u00e9s de cr\u00e9ditos de ICMS, fechou acordo de n\u00e3o persecu\u00e7\u00e3o penal com o Minist\u00e9rio P\u00fablico de S\u00e3o Paulo (MPSP). Segundo a nota do Minist\u00e9rio P\u00fablico,\u00a0o acordo prev\u00ea que a empresa pagar\u00e1\u00a0R$100 milh\u00f5es a\u00a0t\u00edtulo de presta\u00e7\u00e3o [&hellip;]<\/p>\n","protected":false},"author":1,"featured_media":27185,"comment_status":"open","ping_status":"open","sticky":false,"template":"","format":"standard","meta":{"footnotes":""},"categories":[1],"tags":[],"class_list":{"0":"post-27184","1":"post","2":"type-post","3":"status-publish","4":"format-standard","5":"has-post-thumbnail","7":"category-tudo"},"_links":{"self":[{"href":"https:\/\/jm-metropole.com.br\/site\/wp-json\/wp\/v2\/posts\/27184","targetHints":{"allow":["GET"]}}],"collection":[{"href":"https:\/\/jm-metropole.com.br\/site\/wp-json\/wp\/v2\/posts"}],"about":[{"href":"https:\/\/jm-metropole.com.br\/site\/wp-json\/wp\/v2\/types\/post"}],"author":[{"embeddable":true,"href":"https:\/\/jm-metropole.com.br\/site\/wp-json\/wp\/v2\/users\/1"}],"replies":[{"embeddable":true,"href":"https:\/\/jm-metropole.com.br\/site\/wp-json\/wp\/v2\/comments?post=27184"}],"version-history":[{"count":1,"href":"https:\/\/jm-metropole.com.br\/site\/wp-json\/wp\/v2\/posts\/27184\/revisions"}],"predecessor-version":[{"id":27186,"href":"https:\/\/jm-metropole.com.br\/site\/wp-json\/wp\/v2\/posts\/27184\/revisions\/27186"}],"wp:featuredmedia":[{"embeddable":true,"href":"https:\/\/jm-metropole.com.br\/site\/wp-json\/wp\/v2\/media\/27185"}],"wp:attachment":[{"href":"https:\/\/jm-metropole.com.br\/site\/wp-json\/wp\/v2\/media?parent=27184"}],"wp:term":[{"taxonomy":"category","embeddable":true,"href":"https:\/\/jm-metropole.com.br\/site\/wp-json\/wp\/v2\/categories?post=27184"},{"taxonomy":"post_tag","embeddable":true,"href":"https:\/\/jm-metropole.com.br\/site\/wp-json\/wp\/v2\/tags?post=27184"}],"curies":[{"name":"wp","href":"https:\/\/api.w.org\/{rel}","templated":true}]}}