{"id":27116,"date":"2025-09-10T16:36:19","date_gmt":"2025-09-10T19:36:19","guid":{"rendered":"https:\/\/jm-metropole.com.br\/site\/?p=27116"},"modified":"2025-09-10T16:36:19","modified_gmt":"2025-09-10T19:36:19","slug":"guarulhos-reforca-cuidados-com-a-saude-mental-no-dia-simbolo-do-setembro-amarelo","status":"publish","type":"post","link":"https:\/\/jm-metropole.com.br\/site\/guarulhos-reforca-cuidados-com-a-saude-mental-no-dia-simbolo-do-setembro-amarelo\/","title":{"rendered":"Guarulhos refor\u00e7a cuidados com a sa\u00fade mental no dia s\u00edmbolo do Setembro Amarelo"},"content":{"rendered":"<p>Nesta quarta-feira (10), dia s\u00edmbolo do Setembro Amarelo, a Prefeitura de Guarulhos chama a aten\u00e7\u00e3o para a import\u00e2ncia do cuidado com a sa\u00fade mental e destaca a rede de apoio dispon\u00edvel \u00e0 popula\u00e7\u00e3o.<\/p>\n<p>O dia 10 de setembro \u00e9 marcado pelo Dia Mundial de Preven\u00e7\u00e3o ao Suic\u00eddio. A Organiza\u00e7\u00e3o Mundial da Sa\u00fade (OMS) classifica a viol\u00eancia autoprovocada como uma forma de viol\u00eancia intencional dirigida contra si mesmo. Trata-se de um grave problema de sa\u00fade p\u00fablica.<\/p>\n<p>Entre os principais fatores de risco est\u00e3o transtornos mentais, uso abusivo de \u00e1lcool e de drogas, sentimentos de desesperan\u00e7a e baixa autoestima. Tamb\u00e9m pesam no quadro hist\u00f3rico de viol\u00eancia dom\u00e9stica, abuso f\u00edsico, sexual ou emocional, al\u00e9m de situa\u00e7\u00f5es de bullying, viol\u00eancia escolar, discrimina\u00e7\u00e3o, isolamento social e conflitos familiares frequentes.<\/p>\n<p>A Secretaria da Sa\u00fade refor\u00e7a que a preven\u00e7\u00e3o \u00e9 poss\u00edvel e depende do cuidado coletivo. Ouvir, acolher e encaminhar pessoas em sofrimento ps\u00edquico pode salvar vidas. Por isso \u00e9 fundamental que familiares, amigos e a sociedade estejam atentos aos sinais, como mudan\u00e7as bruscas de comportamento, isolamento, falas sobre morte e sentimentos de desesperan\u00e7a.<\/p>\n<p>O munic\u00edpio conta com uma rede de servi\u00e7os de aten\u00e7\u00e3o psicossocial que inclui Unidades B\u00e1sicas de Sa\u00fade (UBS), Centros de Aten\u00e7\u00e3o Psicossocial (CAPS) e o servi\u00e7o de urg\u00eancia e emerg\u00eancia. Al\u00e9m disso, a popula\u00e7\u00e3o pode buscar apoio gratuito no Centro de Valoriza\u00e7\u00e3o da Vida (CVV), que atende 24 horas por dia pelo telefone 188.<\/p>\n<p>A Prefeitura ressalta ainda a import\u00e2ncia de quebrar o tabu sobre o tema, uma vez que falar sobre sa\u00fade mental \u00e9 uma das formas mais eficazes de prevenir o suic\u00eddio e a automutila\u00e7\u00e3o. Se voc\u00ea ou algu\u00e9m pr\u00f3ximo estiver passando por sofrimento emocional, n\u00e3o hesite em procurar ajuda. Falar \u00e9 sempre o primeiro passo para viver melhor.<\/p>\n<p>&nbsp;<\/p>\n","protected":false},"excerpt":{"rendered":"<p>Nesta quarta-feira (10), dia s\u00edmbolo do Setembro Amarelo, a Prefeitura de Guarulhos chama a aten\u00e7\u00e3o para a import\u00e2ncia do cuidado com a sa\u00fade mental e destaca a rede de apoio dispon\u00edvel \u00e0 popula\u00e7\u00e3o. O dia 10 de setembro \u00e9 marcado pelo Dia Mundial de Preven\u00e7\u00e3o ao Suic\u00eddio. A Organiza\u00e7\u00e3o Mundial da Sa\u00fade (OMS) classifica a [&hellip;]<\/p>\n","protected":false},"author":1,"featured_media":27117,"comment_status":"open","ping_status":"open","sticky":false,"template":"","format":"standard","meta":{"footnotes":""},"categories":[3],"tags":[],"class_list":{"0":"post-27116","1":"post","2":"type-post","3":"status-publish","4":"format-standard","5":"has-post-thumbnail","7":"category-guarulhos"},"_links":{"self":[{"href":"https:\/\/jm-metropole.com.br\/site\/wp-json\/wp\/v2\/posts\/27116","targetHints":{"allow":["GET"]}}],"collection":[{"href":"https:\/\/jm-metropole.com.br\/site\/wp-json\/wp\/v2\/posts"}],"about":[{"href":"https:\/\/jm-metropole.com.br\/site\/wp-json\/wp\/v2\/types\/post"}],"author":[{"embeddable":true,"href":"https:\/\/jm-metropole.com.br\/site\/wp-json\/wp\/v2\/users\/1"}],"replies":[{"embeddable":true,"href":"https:\/\/jm-metropole.com.br\/site\/wp-json\/wp\/v2\/comments?post=27116"}],"version-history":[{"count":1,"href":"https:\/\/jm-metropole.com.br\/site\/wp-json\/wp\/v2\/posts\/27116\/revisions"}],"predecessor-version":[{"id":27118,"href":"https:\/\/jm-metropole.com.br\/site\/wp-json\/wp\/v2\/posts\/27116\/revisions\/27118"}],"wp:featuredmedia":[{"embeddable":true,"href":"https:\/\/jm-metropole.com.br\/site\/wp-json\/wp\/v2\/media\/27117"}],"wp:attachment":[{"href":"https:\/\/jm-metropole.com.br\/site\/wp-json\/wp\/v2\/media?parent=27116"}],"wp:term":[{"taxonomy":"category","embeddable":true,"href":"https:\/\/jm-metropole.com.br\/site\/wp-json\/wp\/v2\/categories?post=27116"},{"taxonomy":"post_tag","embeddable":true,"href":"https:\/\/jm-metropole.com.br\/site\/wp-json\/wp\/v2\/tags?post=27116"}],"curies":[{"name":"wp","href":"https:\/\/api.w.org\/{rel}","templated":true}]}}