{"id":27107,"date":"2025-09-10T12:26:39","date_gmt":"2025-09-10T15:26:39","guid":{"rendered":"https:\/\/jm-metropole.com.br\/site\/?p=27107"},"modified":"2025-09-10T12:26:39","modified_gmt":"2025-09-10T15:26:39","slug":"itaqua-realiza-apresentacao-final-da-lei-de-uso-do-solo-e-do-novo-zoneamento-nesta-quarta-10","status":"publish","type":"post","link":"https:\/\/jm-metropole.com.br\/site\/itaqua-realiza-apresentacao-final-da-lei-de-uso-do-solo-e-do-novo-zoneamento-nesta-quarta-10\/","title":{"rendered":"Itaqu\u00e1 realiza apresenta\u00e7\u00e3o final da lei de uso do solo e do novo zoneamento nesta quarta (10)"},"content":{"rendered":"<p>Encontro marca a etapa conclusiva do processo de discuss\u00e3o sobre o futuro do planejamento urbano da cidade<\/p>\n<p>A Prefeitura de Itaquaquecetuba, por meio da Secretaria de Planejamento, vai realizar nesta quarta-feira (10), \u00e0s 17h30, a apresenta\u00e7\u00e3o final da lei de uso do solo e do novo zoneamento. O encontro representa a etapa conclusiva do processo participativo que vem discutindo o futuro do planejamento urbano do munic\u00edpio.<\/p>\n<p>A apresenta\u00e7\u00e3o ser\u00e1 realizada na C\u00e2mara Municipal (rua Ver. Jos\u00e9 Barbosa de Ara\u00fajo, 267 \u2013 Vila Virg\u00ednia) e buscar mostrar \u00e0 comunidade as diretrizes e propostas que v\u00e3o orientar o desenvolvimento urbano da cidade, promovendo organiza\u00e7\u00e3o, sustentabilidade e crescimento ordenado.<\/p>\n<p>&#8220;Ap\u00f3s a an\u00e1lise e incorpora\u00e7\u00e3o de todas as sugest\u00f5es e apontamentos recebidos, estamos prontos para apresentar \u00e0 comunidade a nova lei, que representa a etapa final de um processo participativo fundamental para o planejamento urbano&#8221;, afirmou o secret\u00e1rio de Planejamento, Alexandre Feij\u00f3.<\/p>\n<p>A lei de uso do solo e o novo zoneamento s\u00e3o instrumentos essenciais para planejar o futuro do munic\u00edpio, garantindo equil\u00edbrio entre \u00e1reas residenciais, comerciais, industriais e de preserva\u00e7\u00e3o ambiental, al\u00e9m de oferecer mais seguran\u00e7a jur\u00eddica para investimentos e projetos.<\/p>\n<p>\u201cO encontro \u00e9 aberto \u00e0 popula\u00e7\u00e3o e a participa\u00e7\u00e3o da comunidade \u00e9 fundamental. Com essa apresenta\u00e7\u00e3o, damos um passo decisivo para garantir um desenvolvimento organizado, sustent\u00e1vel e seguro para todos os moradores&#8221;, acrescentou o prefeito Eduardo Boigues.<\/p>\n<p>Fotos: Chalaine Kerchner<\/p>\n","protected":false},"excerpt":{"rendered":"<p>Encontro marca a etapa conclusiva do processo de discuss\u00e3o sobre o futuro do planejamento urbano da cidade A Prefeitura de Itaquaquecetuba, por meio da Secretaria de Planejamento, vai realizar nesta quarta-feira (10), \u00e0s 17h30, a apresenta\u00e7\u00e3o final da lei de uso do solo e do novo zoneamento. O encontro representa a etapa conclusiva do processo [&hellip;]<\/p>\n","protected":false},"author":1,"featured_media":27108,"comment_status":"open","ping_status":"open","sticky":false,"template":"","format":"standard","meta":{"footnotes":""},"categories":[6],"tags":[],"class_list":{"0":"post-27107","1":"post","2":"type-post","3":"status-publish","4":"format-standard","5":"has-post-thumbnail","7":"category-itaqua"},"_links":{"self":[{"href":"https:\/\/jm-metropole.com.br\/site\/wp-json\/wp\/v2\/posts\/27107","targetHints":{"allow":["GET"]}}],"collection":[{"href":"https:\/\/jm-metropole.com.br\/site\/wp-json\/wp\/v2\/posts"}],"about":[{"href":"https:\/\/jm-metropole.com.br\/site\/wp-json\/wp\/v2\/types\/post"}],"author":[{"embeddable":true,"href":"https:\/\/jm-metropole.com.br\/site\/wp-json\/wp\/v2\/users\/1"}],"replies":[{"embeddable":true,"href":"https:\/\/jm-metropole.com.br\/site\/wp-json\/wp\/v2\/comments?post=27107"}],"version-history":[{"count":1,"href":"https:\/\/jm-metropole.com.br\/site\/wp-json\/wp\/v2\/posts\/27107\/revisions"}],"predecessor-version":[{"id":27109,"href":"https:\/\/jm-metropole.com.br\/site\/wp-json\/wp\/v2\/posts\/27107\/revisions\/27109"}],"wp:featuredmedia":[{"embeddable":true,"href":"https:\/\/jm-metropole.com.br\/site\/wp-json\/wp\/v2\/media\/27108"}],"wp:attachment":[{"href":"https:\/\/jm-metropole.com.br\/site\/wp-json\/wp\/v2\/media?parent=27107"}],"wp:term":[{"taxonomy":"category","embeddable":true,"href":"https:\/\/jm-metropole.com.br\/site\/wp-json\/wp\/v2\/categories?post=27107"},{"taxonomy":"post_tag","embeddable":true,"href":"https:\/\/jm-metropole.com.br\/site\/wp-json\/wp\/v2\/tags?post=27107"}],"curies":[{"name":"wp","href":"https:\/\/api.w.org\/{rel}","templated":true}]}}