{"id":27104,"date":"2025-09-10T12:07:38","date_gmt":"2025-09-10T15:07:38","guid":{"rendered":"https:\/\/jm-metropole.com.br\/site\/?p=27104"},"modified":"2025-09-10T12:07:38","modified_gmt":"2025-09-10T15:07:38","slug":"aruja-tem-iniciativa-sustentavel-com-totem-artesanal-de-bambu-e-placa-fotovoltaica-para-carregar-celular","status":"publish","type":"post","link":"https:\/\/jm-metropole.com.br\/site\/aruja-tem-iniciativa-sustentavel-com-totem-artesanal-de-bambu-e-placa-fotovoltaica-para-carregar-celular\/","title":{"rendered":"ARUJ\u00c1 TEM INICIATIVA SUSTENT\u00c1VEL COM TOTEM ARTESANAL DE BAMBU E PLACA FOTOVOLTAICA PARA CARREGAR CELULAR"},"content":{"rendered":"<p>Aruj\u00e1 apresentou recentemente uma iniciativa voltada para a sustentabilidade e implementada em um dos parques da cidade, que ir\u00e1 beneficiar os frequentadores que precisarem carregar o celular enquanto caminham pelo local. O prefeito Luis Camargo e o secret\u00e1rio municipal de Meio Ambiente, Juvenal Penteado, anunciaram que o Parque dos Ip\u00eas agora possui um totem carregador de celular aut\u00f4nomo. O dispositivo est\u00e1 localizado na Rua Fenacita, 500, no bairro Jardim Fazenda Rinc\u00e3o, e dispon\u00edvel durante o hor\u00e1rio de funcionamento do parque, das 8 \u00e0s 18h, de ter\u00e7a a domingo.<\/p>\n<p>Esse equipamento funciona, em sua totalidade, com energia limpa, obtida exclusivamente por meio de placas fotovoltaicas, ou seja, \u00e9 mantido com energia solar, aproveitando os recursos naturais. Outro detalhe importante \u00e9 que o totem foi produzido manualmente em bambu, valorizando a sustentabilidade e a criatividade, com um design r\u00fastico.<\/p>\n<p>O totem possui entradas USB padr\u00e3o para carregar celulares, notebooks, power banks e outros dispositivos, sendo necess\u00e1rio apenas o uso do cabo pessoal. Mas, se por acaso esquecer ou n\u00e3o tiver o cabo, a equipe de monitores do parque poder\u00e1 emprestar um, informou o secret\u00e1rio.<\/p>\n<p>&#8220;Esse \u00e9 apenas o primeiro passo de um projeto ainda maior. Em breve, novos totens ser\u00e3o instalados em outros parques da cidade, ampliando o acesso da popula\u00e7\u00e3o \u00e0 tecnologia verde e refor\u00e7ando o compromisso de Aruj\u00e1 com a inova\u00e7\u00e3o e o cuidado com as pessoas&#8221;, complementou o prefeito.<\/p>\n<p>Com mais essa iniciativa, o Parque dos Ip\u00eas se consolida como um espa\u00e7o de conviv\u00eancia e qualidade de vida para todos os mun\u00edcipes e segue avan\u00e7ando, sempre com respeito \u00e0 natureza.<\/p>\n","protected":false},"excerpt":{"rendered":"<p>Aruj\u00e1 apresentou recentemente uma iniciativa voltada para a sustentabilidade e implementada em um dos parques da cidade, que ir\u00e1 beneficiar os frequentadores que precisarem carregar o celular enquanto caminham pelo local. O prefeito Luis Camargo e o secret\u00e1rio municipal de Meio Ambiente, Juvenal Penteado, anunciaram que o Parque dos Ip\u00eas agora possui um totem carregador [&hellip;]<\/p>\n","protected":false},"author":1,"featured_media":27105,"comment_status":"open","ping_status":"open","sticky":false,"template":"","format":"standard","meta":{"footnotes":""},"categories":[4],"tags":[],"class_list":{"0":"post-27104","1":"post","2":"type-post","3":"status-publish","4":"format-standard","5":"has-post-thumbnail","7":"category-aruja"},"_links":{"self":[{"href":"https:\/\/jm-metropole.com.br\/site\/wp-json\/wp\/v2\/posts\/27104","targetHints":{"allow":["GET"]}}],"collection":[{"href":"https:\/\/jm-metropole.com.br\/site\/wp-json\/wp\/v2\/posts"}],"about":[{"href":"https:\/\/jm-metropole.com.br\/site\/wp-json\/wp\/v2\/types\/post"}],"author":[{"embeddable":true,"href":"https:\/\/jm-metropole.com.br\/site\/wp-json\/wp\/v2\/users\/1"}],"replies":[{"embeddable":true,"href":"https:\/\/jm-metropole.com.br\/site\/wp-json\/wp\/v2\/comments?post=27104"}],"version-history":[{"count":1,"href":"https:\/\/jm-metropole.com.br\/site\/wp-json\/wp\/v2\/posts\/27104\/revisions"}],"predecessor-version":[{"id":27106,"href":"https:\/\/jm-metropole.com.br\/site\/wp-json\/wp\/v2\/posts\/27104\/revisions\/27106"}],"wp:featuredmedia":[{"embeddable":true,"href":"https:\/\/jm-metropole.com.br\/site\/wp-json\/wp\/v2\/media\/27105"}],"wp:attachment":[{"href":"https:\/\/jm-metropole.com.br\/site\/wp-json\/wp\/v2\/media?parent=27104"}],"wp:term":[{"taxonomy":"category","embeddable":true,"href":"https:\/\/jm-metropole.com.br\/site\/wp-json\/wp\/v2\/categories?post=27104"},{"taxonomy":"post_tag","embeddable":true,"href":"https:\/\/jm-metropole.com.br\/site\/wp-json\/wp\/v2\/tags?post=27104"}],"curies":[{"name":"wp","href":"https:\/\/api.w.org\/{rel}","templated":true}]}}