{"id":27101,"date":"2025-09-10T12:05:19","date_gmt":"2025-09-10T15:05:19","guid":{"rendered":"https:\/\/jm-metropole.com.br\/site\/?p=27101"},"modified":"2025-09-10T12:05:19","modified_gmt":"2025-09-10T15:05:19","slug":"setembro-amarelo-em-itaqua-tem-programacao-voltada-a-saude-mental","status":"publish","type":"post","link":"https:\/\/jm-metropole.com.br\/site\/setembro-amarelo-em-itaqua-tem-programacao-voltada-a-saude-mental\/","title":{"rendered":"Setembro Amarelo em Itaqu\u00e1 tem programa\u00e7\u00e3o voltada \u00e0 sa\u00fade mental"},"content":{"rendered":"<p>A\u00e7\u00f5es envolvem acolhimento e roda de conversa<\/p>\n<p>A Secretaria de Sa\u00fade de Itaquaquecetuba preparou uma programa\u00e7\u00e3o especial em alus\u00e3o \u00e0 campanha nacional Setembro Amarelo, dedicada \u00e0 preven\u00e7\u00e3o do suic\u00eddio. As a\u00e7\u00f5es incluem rodas de conversa e iniciativas de acolhimento em unidades de sa\u00fade do munic\u00edpio com o objetivo de promover o di\u00e1logo e fortalecer os cuidados com a sa\u00fade mental da popula\u00e7\u00e3o.<\/p>\n<p>As atividades come\u00e7am nesta quarta-feira (10), \u00e0s 11h, no CAPS IJ (avenida Jo\u00e3o Barbosa de Moraes, 450 &#8211; Vila Zeferina). No dia 15, \u00e0s 10h, a a\u00e7\u00e3o acontece na UBS Caiuby (estrada dos \u00cdndios, 1.125), e no dia 16, \u00e0s 9h, ser\u00e1 a vez do CAPS II distribuir frases motivacionais no parque ecol\u00f3gico (rua Cabr\u00e1lia Paulista, 100 &#8211; Esta\u00e7\u00e3o).<\/p>\n<p>J\u00e1 no dia 17, \u00e0s 13h, a roda de conversa ser\u00e1 realizada no Ambulat\u00f3rio de Sa\u00fade Mental (avenida Emancipa\u00e7\u00e3o, 125 &#8211; Centro). No dia 18, est\u00e3o previstas duas atividades, sendo uma \u00e0s 13h30 na USF Pequeno Cora\u00e7\u00e3o (rua Vasco da Gama, 201) e \u00e0s 14h na USF Josely (rua Floresta, 43).<\/p>\n<p>No dia 19, \u00e0s 11h, a programa\u00e7\u00e3o segue na UBS Maragogipe (rua Paulist\u00e2nia, 95) e no dia 22, \u00e0s 11h, na UBS Morro Branco (rua Rio Grande do Sul, 585). No dia 23, ser\u00e3o tr\u00eas encontros: \u00e0s 10h na UBS Fortuna (estrada do Campo Limpo, 658), \u00e0s 13h na USF Piratininga (rua Te\u00f3filo Braga, 147) e \u00e0s 14h na USF Miray (rua Maring\u00e1, 865).<\/p>\n<p>No dia 24 ser\u00e3o duas a\u00e7\u00f5es, sendo uma \u00e0s 9h no SAE\/CTA (rua Duque de Caxias, 187 &#8211; Centro) e \u00e0s 13h30 na Sa\u00fade Mental (avenida Emancipa\u00e7\u00e3o, 125 &#8211; Centro). A programa\u00e7\u00e3o ser\u00e1 encerrada no dia 30, \u00e0s 13h30, na E. E. Roque Barbosa de Miranda (estrada Ribeiro, 250 &#8211; Ribeiro) e \u00e0s 14h na UBS Jardim Odete (rua Visconde de Taunay, 270).<\/p>\n<p>O secret\u00e1rio de Sa\u00fade e de Assist\u00eancia Social, Gabriel Rocha, destacou a import\u00e2ncia da iniciativa. \u201cO Setembro Amarelo \u00e9 um convite para que todos reflitam sobre sa\u00fade mental. Nossas equipes est\u00e3o preparadas para acolher, ouvir e orientar a popula\u00e7\u00e3o&#8221;, afirmou.<\/p>\n<p>O prefeito Eduardo Boigues aproveitou para ressaltar o compromisso da gest\u00e3o com o bem-estar dos moradores. &#8220;Nossa prioridade \u00e9 cuidar. Essa programa\u00e7\u00e3o \u00e9 mais uma demonstra\u00e7\u00e3o de que estamos atentos \u00e0s necessidades da popula\u00e7\u00e3o com a sa\u00fade mental no centro das nossas a\u00e7\u00f5es.&#8221;<\/p>\n","protected":false},"excerpt":{"rendered":"<p>A\u00e7\u00f5es envolvem acolhimento e roda de conversa A Secretaria de Sa\u00fade de Itaquaquecetuba preparou uma programa\u00e7\u00e3o especial em alus\u00e3o \u00e0 campanha nacional Setembro Amarelo, dedicada \u00e0 preven\u00e7\u00e3o do suic\u00eddio. As a\u00e7\u00f5es incluem rodas de conversa e iniciativas de acolhimento em unidades de sa\u00fade do munic\u00edpio com o objetivo de promover o di\u00e1logo e fortalecer os [&hellip;]<\/p>\n","protected":false},"author":1,"featured_media":27102,"comment_status":"open","ping_status":"open","sticky":false,"template":"","format":"standard","meta":{"footnotes":""},"categories":[6],"tags":[],"class_list":{"0":"post-27101","1":"post","2":"type-post","3":"status-publish","4":"format-standard","5":"has-post-thumbnail","7":"category-itaqua"},"_links":{"self":[{"href":"https:\/\/jm-metropole.com.br\/site\/wp-json\/wp\/v2\/posts\/27101","targetHints":{"allow":["GET"]}}],"collection":[{"href":"https:\/\/jm-metropole.com.br\/site\/wp-json\/wp\/v2\/posts"}],"about":[{"href":"https:\/\/jm-metropole.com.br\/site\/wp-json\/wp\/v2\/types\/post"}],"author":[{"embeddable":true,"href":"https:\/\/jm-metropole.com.br\/site\/wp-json\/wp\/v2\/users\/1"}],"replies":[{"embeddable":true,"href":"https:\/\/jm-metropole.com.br\/site\/wp-json\/wp\/v2\/comments?post=27101"}],"version-history":[{"count":1,"href":"https:\/\/jm-metropole.com.br\/site\/wp-json\/wp\/v2\/posts\/27101\/revisions"}],"predecessor-version":[{"id":27103,"href":"https:\/\/jm-metropole.com.br\/site\/wp-json\/wp\/v2\/posts\/27101\/revisions\/27103"}],"wp:featuredmedia":[{"embeddable":true,"href":"https:\/\/jm-metropole.com.br\/site\/wp-json\/wp\/v2\/media\/27102"}],"wp:attachment":[{"href":"https:\/\/jm-metropole.com.br\/site\/wp-json\/wp\/v2\/media?parent=27101"}],"wp:term":[{"taxonomy":"category","embeddable":true,"href":"https:\/\/jm-metropole.com.br\/site\/wp-json\/wp\/v2\/categories?post=27101"},{"taxonomy":"post_tag","embeddable":true,"href":"https:\/\/jm-metropole.com.br\/site\/wp-json\/wp\/v2\/tags?post=27101"}],"curies":[{"name":"wp","href":"https:\/\/api.w.org\/{rel}","templated":true}]}}