{"id":27097,"date":"2025-09-08T18:52:52","date_gmt":"2025-09-08T21:52:52","guid":{"rendered":"https:\/\/jm-metropole.com.br\/site\/?p=27097"},"modified":"2025-09-08T18:52:52","modified_gmt":"2025-09-08T21:52:52","slug":"dj-alok-ilumina-ceu-de-itaqua-com-espetaculo-de-drones-e-transforma-arena-do-maior-rodeio-do-brasil-em-mega-balada","status":"publish","type":"post","link":"https:\/\/jm-metropole.com.br\/site\/dj-alok-ilumina-ceu-de-itaqua-com-espetaculo-de-drones-e-transforma-arena-do-maior-rodeio-do-brasil-em-mega-balada\/","title":{"rendered":"DJ Alok ilumina c\u00e9u de Itaqu\u00e1 com espet\u00e1culo de drones e transforma arena do maior rodeio do Brasil em mega balada"},"content":{"rendered":"<p>[14:41, 08\/09\/2025] Ary Esperidi\u00e3o: Segundo dia do festival contou, ainda, com show da sertaneja Lauana Prado; neste domingo (7\/9), evento come\u00e7a mais cedo, \u00e0s 17h, com a final das provas de montaria e apresenta\u00e7\u00e3o de Raffa Torres, Gustavo Mioto e Luan Santana<\/p>\n<p>O frio da noite de s\u00e1bado (6\/9) n\u00e3o foi suficiente para impedir o p\u00fablico de mais de 50 mil pessoas aproveitar o segundo dia do Itaqu\u00e1 Rodeio Fest &#8211; maior rodeio de portas abertas do Brasil. DJ Alok, um dos artistas mais ouvidos no mundo, transformou a arena, em Itaquaquecetuba-SP, numa mega balada eletr\u00f4nica, com direito a show de drones, espet\u00e1culo de luzes no palco, grandes sucessos e emo\u00e7\u00e3o. Realizado em celebra\u00e7\u00e3o aos 465 anos da cidade, o evento organizado pela MP Promo\u00e7\u00f5es contou, ainda, com provas de montaria v\u00e1lidas pela Liga Nacional de Rodeio e apresenta\u00e7\u00e3o de Lauana Prado. Neste domingo (7\/9), a festa come\u00e7a mais cedo, a partir das 17h, com os sertanejos Raffa Torres, Gustavo Mioto e Luan Santana na programa\u00e7\u00e3o musical.<\/p>\n<p>Alok, que j\u00e1 havia performado no palco do Itaqu\u00e1 Rodeio Fest, na edi\u00e7\u00e3o de 2023, entregou um espet\u00e1culo mai\u00fasculo, que comprovou o porque ele \u00e9 refer\u00eancia internacional no que faz. O DJ, o 4\u00ba melhor do mundo, segundo a revista brit\u00e2nica DJ Mag, fez o ch\u00e3o tremer. A arena montada no Jardim Adriane virou uma eletrizante pista de dan\u00e7a. Entre pista e camarotes, mais de 50 mil pessoas assistiram ao show do artista de 34 anos e curtiram o melhor do house music e do brazilian bass.<\/p>\n<p>Um dos pontos altos da noite foi o show de drones de Alok, controlados por Intelig\u00eancia Artificial (IA). O espet\u00e1culo de pirotecnia iluminou o c\u00e9u de Itaqu\u00e1. Entre o sem-n\u00famero de proje\u00e7\u00f5es, n\u00e3o faltou o do nome da cidade, que faz anivers\u00e1rio neste domingo.<\/p>\n<p>O cantor e compositor Zeeba, parceiro do DJ em diversas faixas, incluindo &#8220;Hear Me Now&#8221;, fez participa\u00e7\u00e3o especial no 4\u00ba Itaqu\u00e1 Rodeio Fest. O mega hit foi entoado em coro pela plateia em mais um dos grandes momentos da apresenta\u00e7\u00e3o, que durou quase duas horas.<\/p>\n<p>Antes de Alok, o p\u00fablico assistiu ao show de Lauana Prado. A sertaneja entoou alguns hits da sua carreira, como &#8220;Cobaia&#8221; e &#8220;Escrito nas Estrelas&#8221;.<\/p>\n<p>Segura Pe\u00e3o<br \/>\nNas provas de montaria, 15 pe\u00f5es mais bem pontuados na noite anterior (sexta-feira, 5\/9) retornaram \u00e0 arena do maior rodeio de portas abertas do Brasil, ontem. Acirrada, a disputa terminou com Maicon Romani, de S\u00e3o Jos\u00e9 do Rio Preto-SP, em primeiro lugar, com 87 pontos.<\/p>\n<p>A final\u00edssima acontece hoje. O vencedor desta etapa da Liga Nacional em Itaquaquecetuba garante classifica\u00e7\u00e3o para a final, em Barretos-SP, em 2026.<\/p>\n<p>O prefeito de Itaquaquecetuba, Delegado Eduardo Boigues (PL), fez balan\u00e7o positivo do segundo dia do Itaqu\u00e1 Rodeio Fest 2025, e que tem no cerimonial a ex-BBB e ex-A Fazenda Fl\u00e1via Viana:<\/p>\n<p>\u201cVer nossa cidade recebendo uma festa dessa dimens\u00e3o \u00e9 motivo de satisfa\u00e7\u00e3o e de orgulho. J\u00e1 estamos, inclusive, entre os tr\u00eas maiores rodeios do Pa\u00eds, sendo que n\u00e3o empregamos um s\u00f3 centavo de dinheiro p\u00fablico &#8211; toda a estrutura \u00e9 custeada pela iniciativa privada, com organiza\u00e7\u00e3o da MP Promo\u00e7\u00f5es, que, mais uma vez, acreditou no potencial de Itaquaquecetuba\u201d.<\/p>\n<p>Atra\u00e7\u00f5es estreladas<br \/>\nNeste domingo, tem show de Raffa Torres, Gustavo Mioto e Luan Santana. A festa come\u00e7a mais cedo, com a abertura dos port\u00f5es \u00e0s 17h, provas de montaria, \u00e0s 18h, e shows, a partir das 20h.<\/p>\n<p>Ainda h\u00e1 ingressos dispon\u00edveis no site oficial do evento (www.itaquarodeiofest.com.br) e na loja Di Gaspi, no Itaqu\u00e1 Park Shopping.<\/p>\n<p>Assessoria de Imprensa<br \/>\nFiamini &#8211; Solu\u00e7\u00f5es Integradas em Comunica\u00e7\u00e3o &#8211; _a servi\u00e7o da MP Promo\u00e7\u00f5es | Itaqu\u00e1 Rodeio Fest 2025_<\/p>\n<p>Atendimento:<br \/>\nAna Garcia: (11) 99962-7505<br \/>\nSandra Paulino: (11) 99534-7948<br \/>\nSimone Leone: (11) 99679-0666<br \/>\nCarla Fiamini: (11) 94749-6747<br \/>\n[14:41, 08\/09\/2025] Ary Esperidi\u00e3o: SERVI\u00c7O:<\/p>\n<p>Itaqu\u00e1 Rodeio Fest 2025<\/p>\n<p>Quando: 7, 12 e 13 de setembro<\/p>\n<p>Onde: Estrada Governador M\u00e1rio Covas J\u00fanior \u2013 Jardim Adriane (acesso pr\u00f3ximo ao n\u00famero 1.355)<\/p>\n<p>Programa\u00e7\u00e3o musical:<br \/>\n7\/9 \u2013 Domingo<br \/>\nGustavo Mioto \/ Luan Santana \/ Raffa Torres<\/p>\n<p>12\/9 &#8211; 6\u00aa feira<br \/>\nTatau \/ Henrique &amp; Juliano \/ DJ Maju Santana<\/p>\n<p>13\/9 \u2013 S\u00e1bado<br \/>\nMC Kevinho \/ Gusttavo Lima \/ Turma do Pagode<\/p>\n<p>Produtos oficiais:<br \/>\nCamisetas (duas estampas, nas cores preto e branco)<br \/>\nR$ 60<\/p>\n<p>Copos Stanley<br \/>\nR$ 65<\/p>\n<p>Ta\u00e7as Stanley<br \/>\nR$ 70<\/p>\n<p>Copos com tirante<br \/>\nR$ 20<\/p>\n<p>Ta\u00e7as transparentes<br \/>\nR$ 20<\/p>\n<p>Bon\u00e9s<br \/>\nR$ 60<\/p>\n<p>Onde comprar:<\/p>\n<p>Fundo Social de Solidariedade de Itaquaquecetuba:<br \/>\nRua Vereador Jos\u00e9 Barbosa de Ara\u00fajo, 195 &#8211; Vila Virg\u00ednia<br \/>\nDe 2\u00aa a 6\u00aa feira, das 9h \u00e0s 17h<\/p>\n<p>*Tamb\u00e9m h\u00e1 ponto de venda no festival*<\/p>\n<p>Playlist oficial:<br \/>\nhttps:\/\/l1nk.dev\/itaquarodeiofest<\/p>\n<p>Compra de ingressos<br \/>\nSite oficial do evento:<br \/>\nwww.itaquarodeiofest.com.br<\/p>\n<p>Loja Di Gaspi &#8211; Itaqu\u00e1 Park Shopping<br \/>\nEstrada Municipal do Mandi, 1205 &#8211; Jardim Adriane<\/p>\n","protected":false},"excerpt":{"rendered":"<p>[14:41, 08\/09\/2025] Ary Esperidi\u00e3o: Segundo dia do festival contou, ainda, com show da sertaneja Lauana Prado; neste domingo (7\/9), evento come\u00e7a mais cedo, \u00e0s 17h, com a final das provas de montaria e apresenta\u00e7\u00e3o de Raffa Torres, Gustavo Mioto e Luan Santana O frio da noite de s\u00e1bado (6\/9) n\u00e3o foi suficiente para impedir o [&hellip;]<\/p>\n","protected":false},"author":1,"featured_media":27098,"comment_status":"open","ping_status":"open","sticky":false,"template":"","format":"standard","meta":{"footnotes":""},"categories":[6],"tags":[],"class_list":{"0":"post-27097","1":"post","2":"type-post","3":"status-publish","4":"format-standard","5":"has-post-thumbnail","7":"category-itaqua"},"_links":{"self":[{"href":"https:\/\/jm-metropole.com.br\/site\/wp-json\/wp\/v2\/posts\/27097","targetHints":{"allow":["GET"]}}],"collection":[{"href":"https:\/\/jm-metropole.com.br\/site\/wp-json\/wp\/v2\/posts"}],"about":[{"href":"https:\/\/jm-metropole.com.br\/site\/wp-json\/wp\/v2\/types\/post"}],"author":[{"embeddable":true,"href":"https:\/\/jm-metropole.com.br\/site\/wp-json\/wp\/v2\/users\/1"}],"replies":[{"embeddable":true,"href":"https:\/\/jm-metropole.com.br\/site\/wp-json\/wp\/v2\/comments?post=27097"}],"version-history":[{"count":1,"href":"https:\/\/jm-metropole.com.br\/site\/wp-json\/wp\/v2\/posts\/27097\/revisions"}],"predecessor-version":[{"id":27099,"href":"https:\/\/jm-metropole.com.br\/site\/wp-json\/wp\/v2\/posts\/27097\/revisions\/27099"}],"wp:featuredmedia":[{"embeddable":true,"href":"https:\/\/jm-metropole.com.br\/site\/wp-json\/wp\/v2\/media\/27098"}],"wp:attachment":[{"href":"https:\/\/jm-metropole.com.br\/site\/wp-json\/wp\/v2\/media?parent=27097"}],"wp:term":[{"taxonomy":"category","embeddable":true,"href":"https:\/\/jm-metropole.com.br\/site\/wp-json\/wp\/v2\/categories?post=27097"},{"taxonomy":"post_tag","embeddable":true,"href":"https:\/\/jm-metropole.com.br\/site\/wp-json\/wp\/v2\/tags?post=27097"}],"curies":[{"name":"wp","href":"https:\/\/api.w.org\/{rel}","templated":true}]}}