{"id":27094,"date":"2025-09-08T18:50:12","date_gmt":"2025-09-08T21:50:12","guid":{"rendered":"https:\/\/jm-metropole.com.br\/site\/?p=27094"},"modified":"2025-09-08T18:50:12","modified_gmt":"2025-09-08T21:50:12","slug":"luan-santana-gustavo-mioto-e-raffa-torres-encerram-primeiro-fim-de-semana-do-itaqua-rodeio-fest-com-o-melhor-do-sertanejo-romantico","status":"publish","type":"post","link":"https:\/\/jm-metropole.com.br\/site\/luan-santana-gustavo-mioto-e-raffa-torres-encerram-primeiro-fim-de-semana-do-itaqua-rodeio-fest-com-o-melhor-do-sertanejo-romantico\/","title":{"rendered":"Luan Santana, Gustavo Mioto e Raffa Torres encerram primeiro fim de semana do Itaqu\u00e1 Rodeio Fest com o melhor do sertanejo rom\u00e2ntico"},"content":{"rendered":"<p>[18:15, 08\/09\/2025] Ary Esperidi\u00e3o: Terceiro dia de festival reuniu mais de 40 mil pessoas e abarcou a final das provas de montaria em touros; evento retorna na sexta-feira (12\/9), com DJ Maju Santana, Tatau, e a dupla Henrique &amp; Juliano<\/p>\n<p>O sertanejo dominou o terceiro dia do Itaqu\u00e1 Rodeio Fest 2025, embalando o p\u00fablico de mais de 40 mil pessoas com um sem-n\u00famero de can\u00e7\u00f5es rom\u00e2nticas. O maior rodeio de portas abertas do Brasil recebeu, nesse domingo (7\/9), em Itaquaquecetuba-SP, os shows de Raffa Torres, Gustavo Mioto e Luan Santana. Realizado pela MP Promo\u00e7\u00f5es em comemora\u00e7\u00e3o aos 465 anos da cidade, o evento ainda abarcou a etapa final das provas de montaria em touros. Em sua quarta edi\u00e7\u00e3o, o festival retorna na sexta-feira (12\/9), com apresenta\u00e7\u00e3o de Henrique &amp; Juliano, Tatau, e DJ Maju Santana.<\/p>\n<p>Era perto das 20h30 quando Raffa Torres subiu ao palco do Itaqu\u00e1 Rodeio Fest. O cantor e compositor de 34 anos \u00e9 autor de grandes hits da m\u00fasica sertaneja, como &#8220;Nessas Horas&#8221;, de Matheus &amp; Kauan, &#8220;Ao Vivo&#8221;, feat da dupla com Anitta, e &#8220;Eu era&#8221;, de Marcos &amp; Belutti. Na playlist de ontem, n\u00e3o faltaram \u201cLibera Ela&#8221;, que chegou a alcan\u00e7ar a 5\u00b0 posi\u00e7\u00e3o das m\u00fasicas mais tocadas do Top 100 Brasil, e &#8220;A Vida \u00c9 Um Rio&#8221;, parte da trilha sonora da novela \u201cSalve-se Quem Puder\u201d, da Rede Globo.<\/p>\n<p>Na sequ\u00eancia, Gustavo Mioto assumiu os vocais do festival com \u201cSolteiro N\u00e3o Trai&#8221;, &#8220;Anti-Amor&#8221;, \u201cImpressionando os Anjos\u201d e &#8220;Com ou Sem Mim&#8221; &#8211; m\u00fasica mais tocada nas r\u00e1dios brasileiras em 2020. Em quase duas horas de apresenta\u00e7\u00e3o, o cantor de 28 anos tamb\u00e9m se destacou por seu carisma e intera\u00e7\u00e3o com a plateia.<\/p>\n<p>Um dos artistas mais consagrados do sertanejo nacional e de volta ao palco do Itaqu\u00e1 Rodeio Fest ap\u00f3s passagem na edi\u00e7\u00e3o de 2024, Luan Santana subiu ao palco \u00e0 meia-noite. \u201cQuando a bad bater&#8221;, &#8220;Abalo Emocional&#8221;, &#8220;Acordando o Pr\u00e9dio&#8221;, &#8220;Eu, Voc\u00ea, o Mar e Ela&#8221; e &#8220;Morena&#8221; foram entoados em coro un\u00edssono, pelos f\u00e3s do sertanejo, do in\u00edcio ao fim.<\/p>\n<p>Se avizinhando ao fim do show, que n\u00e3o economizou em pirotecnia e efeitos visuais sincronizados, Luan pediu o retorno de Raffa Torres \u00e0 arena, para o del\u00edrio do p\u00fablico presente &#8211; mais de 40 mil pessoas. Juntos, cantaram \u201c\u00c1gua com A\u00e7\u00facar&#8221; &#8211; sucesso de Luan Santana composta por Raffa Torres em parceria com Bruno Caliman.<\/p>\n<p>Montaria em touros<br \/>\nDomingo tamb\u00e9m foi dia de final das provas de montaria em touros do Itaqu\u00e1 Rodeio Fest 2025. Yuri Proen\u00e7a Raimundo, de Sarapu\u00ed-SP, foi o vencedor. Com 345,25 pontos, o pe\u00e3o garantiu vaga na final da Liga Nacional de Rodeio (LNR), em Barretos-SP, em 2026. Aclamado pelo p\u00fablico, o competidor n\u00e3o conteve a emo\u00e7\u00e3o:<\/p>\n<p>&#8220;Ser\u00e1 a quarta vez que vou competir em Barretos. Ainda n\u00e3o tive a chance de vencer por l\u00e1, mas com f\u00e9 em Deus e a torcida de voc\u00eas, espero, desta vez, ser campe\u00e3o&#8221;, discursou, visivelmente emocionado, o dono da fivela de ouro.<\/p>\n<p>No pr\u00f3ximo fim de semana, o Itaqu\u00e1 Rodeio Fest recebe as provas de montaria em cavalos, com a participa\u00e7\u00e3o da Sele\u00e7\u00e3o Brasileira de Cutiano.<\/p>\n<p>Sucesso<br \/>\nO prefeito de Itaquaquecetuba, Delegado Eduardo Boigues (PL), fez um balan\u00e7o positivo do primeiro fim de semana do festival, que reuniu mais de 160 mil pessoas, durante tr\u00eas dias de programa\u00e7\u00e3o:<\/p>\n<p>\u201cEste primeiro fim de semana foi hist\u00f3rico. Os oito grandes shows da grade e as provas de montaria atra\u00edram milhares de pessoas para nossa cidade. O Itaqu\u00e1 Rodeio Fest provou, mais uma vez, sua for\u00e7a e a capacidade de Itaquaquecetuba receber um evento dessa dimens\u00e3o. Semana que vem tem mais, com outros grandes artistas no palco, para fecharmos a edi\u00e7\u00e3o de 2025 com chave de ouro\u201d.<\/p>\n<p>O Itaqu\u00e1 Rodeio Fest retorna na sexta, com DJ Maju Santana, os sertanejos Henrique &amp; Juliano, e Tatau, ex-Araketu. No s\u00e1bado (13\/9), encerram o e\u2026<br \/>\n[18:15, 08\/09\/2025] Ary Esperidi\u00e3o: SERVI\u00c7O:<\/p>\n<p>Itaqu\u00e1 Rodeio Fest 2025<\/p>\n<p>Quando: 12 e 13 de setembro<\/p>\n<p>Onde: Estrada Governador M\u00e1rio Covas J\u00fanior \u2013 Jardim Adriane (acesso pr\u00f3ximo ao n\u00famero 1.355)<\/p>\n<p>Programa\u00e7\u00e3o musical:<\/p>\n<p>12\/9 &#8211; 6\u00aa feira<br \/>\nTatau \/ Henrique &amp; Juliano \/ DJ Maju Santana<\/p>\n<p>13\/9 \u2013 S\u00e1bado<br \/>\nMC Kevinho \/ Gusttavo Lima \/ Turma do Pagode<\/p>\n<p>Produtos oficiais:<br \/>\nCamisetas (duas estampas, nas cores preto e branco)<br \/>\nR$ 60<\/p>\n<p>Copos Stanley<br \/>\nR$ 65<\/p>\n<p>Ta\u00e7as Stanley<br \/>\nR$ 70<\/p>\n<p>Copos com tirante<br \/>\nR$ 20<\/p>\n<p>Ta\u00e7as transparentes<br \/>\nR$ 20<\/p>\n<p>Bon\u00e9s<br \/>\nR$ 60<\/p>\n<p>Onde comprar:<\/p>\n<p>Fundo Social de Solidariedade de Itaquaquecetuba-SP:<br \/>\nRua Vereador Jos\u00e9 Barbosa de Ara\u00fajo, 195 &#8211; Vila Virg\u00ednia<br \/>\nDe 2\u00aa a 6\u00aa feira, das 9h \u00e0s 17h<\/p>\n<p>*Tamb\u00e9m h\u00e1 ponto de venda no festival*<\/p>\n<p>Playlist oficial:<br \/>\nhttps:\/\/l1nk.dev\/itaquarodeiofest<\/p>\n<p>Compra de ingressos<br \/>\nwww.itaquarodeiofest.com.br<\/p>\n<p>Loja Di Gaspi &#8211; Itaqu\u00e1 Park Shopping<br \/>\nEstrada Municipal do Mandi, 1205 &#8211; Jardim Adriane, Itaquaquecetuba-SP<\/p>\n","protected":false},"excerpt":{"rendered":"<p>[18:15, 08\/09\/2025] Ary Esperidi\u00e3o: Terceiro dia de festival reuniu mais de 40 mil pessoas e abarcou a final das provas de montaria em touros; evento retorna na sexta-feira (12\/9), com DJ Maju Santana, Tatau, e a dupla Henrique &amp; Juliano O sertanejo dominou o terceiro dia do Itaqu\u00e1 Rodeio Fest 2025, embalando o p\u00fablico de [&hellip;]<\/p>\n","protected":false},"author":1,"featured_media":27095,"comment_status":"open","ping_status":"open","sticky":false,"template":"","format":"standard","meta":{"footnotes":""},"categories":[6],"tags":[],"class_list":{"0":"post-27094","1":"post","2":"type-post","3":"status-publish","4":"format-standard","5":"has-post-thumbnail","7":"category-itaqua"},"_links":{"self":[{"href":"https:\/\/jm-metropole.com.br\/site\/wp-json\/wp\/v2\/posts\/27094","targetHints":{"allow":["GET"]}}],"collection":[{"href":"https:\/\/jm-metropole.com.br\/site\/wp-json\/wp\/v2\/posts"}],"about":[{"href":"https:\/\/jm-metropole.com.br\/site\/wp-json\/wp\/v2\/types\/post"}],"author":[{"embeddable":true,"href":"https:\/\/jm-metropole.com.br\/site\/wp-json\/wp\/v2\/users\/1"}],"replies":[{"embeddable":true,"href":"https:\/\/jm-metropole.com.br\/site\/wp-json\/wp\/v2\/comments?post=27094"}],"version-history":[{"count":1,"href":"https:\/\/jm-metropole.com.br\/site\/wp-json\/wp\/v2\/posts\/27094\/revisions"}],"predecessor-version":[{"id":27096,"href":"https:\/\/jm-metropole.com.br\/site\/wp-json\/wp\/v2\/posts\/27094\/revisions\/27096"}],"wp:featuredmedia":[{"embeddable":true,"href":"https:\/\/jm-metropole.com.br\/site\/wp-json\/wp\/v2\/media\/27095"}],"wp:attachment":[{"href":"https:\/\/jm-metropole.com.br\/site\/wp-json\/wp\/v2\/media?parent=27094"}],"wp:term":[{"taxonomy":"category","embeddable":true,"href":"https:\/\/jm-metropole.com.br\/site\/wp-json\/wp\/v2\/categories?post=27094"},{"taxonomy":"post_tag","embeddable":true,"href":"https:\/\/jm-metropole.com.br\/site\/wp-json\/wp\/v2\/tags?post=27094"}],"curies":[{"name":"wp","href":"https:\/\/api.w.org\/{rel}","templated":true}]}}