{"id":27091,"date":"2025-09-08T14:37:40","date_gmt":"2025-09-08T17:37:40","guid":{"rendered":"https:\/\/jm-metropole.com.br\/site\/?p=27091"},"modified":"2025-09-08T14:37:40","modified_gmt":"2025-09-08T17:37:40","slug":"3o-desfile-ecologico-de-aruja-celebra-203-anos-da-independencia-do-brasil-com-diversidade-ambiental-empreendedorismo-e-lazer","status":"publish","type":"post","link":"https:\/\/jm-metropole.com.br\/site\/3o-desfile-ecologico-de-aruja-celebra-203-anos-da-independencia-do-brasil-com-diversidade-ambiental-empreendedorismo-e-lazer\/","title":{"rendered":"3\u00ba Desfile Ecol\u00f3gico de Aruj\u00e1 celebra 203 anos da Independ\u00eancia do Brasil com diversidade ambiental, empreendedorismo e lazer"},"content":{"rendered":"<p>A Prefeitura de Aruj\u00e1 realizou neste domingo (7\/9), na Pra\u00e7a do Coreto, o 3\u00ba Desfile Ecol\u00f3gico da cidade, que este ano destacou o tema \u201cBiomas Brasileiros\u201d. O evento organizado pela Secretaria do Meio Ambiente, com apoio da Educa\u00e7\u00e3o, celebrou a Independ\u00eancia do Brasil com ato c\u00edvico, diversidade ambiental, programa\u00e7\u00e3o cultural e Feira do Empreendedor. Prestigiaram a solenidade, o prefeito Lu\u00eds Camargo, o Dr Camargo, o vice-prefeito Rodolfo Ribeiro, a primeira-dama Clau Camargo, a presidente da C\u00e2mara Municipal, Cristiane Ara\u00fajo, secret\u00e1rios da gest\u00e3o p\u00fablica, autoridades dos poderes executivo e legislativo local e representantes do Lions Clube de Aruj\u00e1.<\/p>\n<p>A proposta do desfile, com a tem\u00e1tica &#8220;Biomas Brasileiros&#8221;, teve como objetivo conscientizar a popula\u00e7\u00e3o sobre a import\u00e2ncia da preserva\u00e7\u00e3o ambiental e a diversidade natural do pa\u00eds, unindo o civismo do Dia da Independ\u00eancia \u00e0 educa\u00e7\u00e3o ambiental.<\/p>\n<p>\u201c\u00c9 muito importante a gente lembrar o que foi a Independ\u00eancia do Brasil, que surgiu por quest\u00f5es econ\u00f4micas, no sentido de que n\u00e3o podemos nos sujeitar aos mandos e desmandos de outras na\u00e7\u00f5es e temos que ter a nossa identidade, o que passa pela quest\u00e3o da ecologia, porque no nosso pa\u00eds, maior pulm\u00e3o do mundo, temos que pensar sempre num crescimento ordenado e num desenvolvimento econ\u00f4mico sustent\u00e1vel\u201d, disse o prefeito Dr Camargo.<\/p>\n<p>A cerim\u00f4nia do ato c\u00edvico, promovida pela prefeitura em parceria com a C\u00e2mara Municipal e o Lions Clube, contou com as participa\u00e7\u00f5es da Elite C\u00edvica da Juventude de Aruj\u00e1 (Guarda Mirim), no hasteamento das bandeiras, e da Fanfarra Municipal na execu\u00e7\u00e3o do hino nacional. Na ocasi\u00e3o, o p\u00fablico presente tamb\u00e9m cantou o hino da independ\u00eancia e prestigiou apresenta\u00e7\u00f5es dos Escoteiros e do Clube Desbravadores Jaspe-Constela\u00e7\u00e3o.<\/p>\n<p>Posterior ao ato c\u00edvico, a Guarda Mirim deu in\u00edcio ao desfile pela, seguida pela Fanfarra, Escoteiros, Clube Desbravadores, Ordem Internacional do Arco \u00cdris e ve\u00edculos que prestam servi\u00e7os no munic\u00edpio. Entre eles, ve\u00edculos do Meio Ambiente, Patrulha Ambiental, Guarda Civil Municipal (GCM), Bombeiros, Defesa Civil, Ambul\u00e2ncia Rota da Vida, Tr\u00e2nsito, Servi\u00e7os e Coleta Seletiva.<\/p>\n<p>Em um efeito surpresa, a Escola de Samba Quilombo, do bairro da Sa\u00fade (zona sul de S\u00e3o Paulo), com presen\u00e7a do rei e da rainha do Carnaval de Aruj\u00e1 2025, levou muito samba no p\u00e9 e energia para o desfile da Corte de Misses de Aruj\u00e1, ginastas Centro Uni\u00e3o\/Habib Tanuri, Centros de Conviv\u00eancia da Crian\u00e7a e do Adolescente e Escolas Municipais Isabela Pavani e Marisa Aparecida Pendeza.<\/p>\n<p>Biomas Brasileiros<br \/>\nDe acordo com o Minist\u00e9rio do Meio Ambiente e Mudan\u00e7a do Clima, o Brasil \u00e9 formado por seis biomas: Amaz\u00f4nia (caracterizado pela vasta floresta tropical), Caatinga (regi\u00e3o semi\u00e1rida com vegeta\u00e7\u00e3o adaptada \u00e0 seca), Cerrado (possui grande diversidade de flora), Pantanal (maior \u00e1rea \u00famida do mundo), Mata Atl\u00e2ntica (floresta costeira com grande diversidade biol\u00f3gica) e Pampa (bioma de campos no sul do pa\u00eds).<\/p>\n<p>No 3\u00b0 Desfile Ecol\u00f3gico de Aruj\u00e1, a Escola Municipal Isabela Pavani, que retratou o bioma Mata Atl\u00e2ntica, foi a primeira a ganhar a avenida, seguida da Escola Marisa Aparecida Pendeza (Pampas), CCCA Mirante (Caatinga), CCCA Barreto (Amaz\u00f4nia) e CCCA Centro (Aruj\u00e1), refor\u00e7ando a biodiversidade local e o t\u00edtulo de Cidade Natureza.<\/p>\n<p>\u201cNosso objetivo com o tema deste ano foi resgatar o discurso ambiental, cada vez mais importante nos tempos atuais, al\u00e9m de provocar a nossa popula\u00e7\u00e3o para que todos possam entender mais sobre os tipos de fauna e flora que temos no nosso munic\u00edpio, junto com a denomina\u00e7\u00e3o de Cidade Natureza\u201d, destacou o secret\u00e1rio de Meio ambiente, Juvenal Fernando Penteado.<\/p>\n<p>Partindo para o t\u00e9rmino das festividades, a Banda Sinf\u00f4nica Municipal fez uma linda apresenta\u00e7\u00e3o em meio a um repert\u00f3rio que passou por can\u00e7\u00f5es como Carry on Wayquard son (voltada ao apelo da perseveran\u00e7a), um hit mix de Michael Jackson e Lion King (Rei Le\u00e3o).<\/p>\n<p>O encerramento do Desfile Ecol\u00f3gico de Aruj\u00e1 2025 ocorreu com a entrega de trof\u00e9us \u00e0s participantes, ap\u00f3s o concurso de fantasias julgado por secret\u00e1rios da prefeitura, que revelou o CCCA Barreto como a grande campe\u00e3, ou melhor, tricampe\u00e3.<\/p>\n<p>\u201cUm orgulho para toda a nossa equipe, que merece essa conquista pela uni\u00e3o, engajamento de cada um, principalmente gra\u00e7as ao apoio das m\u00e3es, professores de artesanato, desenho e pessoal da Frente de Trabalho\u201d, disse a diretora do CCCA Barreto, Elisangela Eugenia Rachoni Lopreato.<\/p>\n<p>A campe\u00e3 ganhou os jurados com a criatividade na produ\u00e7\u00e3o das fantasias que incluiu uma cobra feita de CDs, Oca de esteira de praia com enforca gato (abra\u00e7adeira de nylon), penas dos cocares ind\u00edgenas produzidas de papel sulfite.<\/p>\n<p>Balan\u00e7o e infraestrutura<br \/>\nO 3\u00ba Desfile Ecol\u00f3gico de Aruj\u00e1 2025 contou com mais de 500 participantes (servidores e alunos), sem contar as equipes t\u00e9cnica e de apoio, compostas por membros de todas as Secretarias da gest\u00e3o. Al\u00e9m de celebrar o Dia da Independ\u00eancia do Brasil, a diversidade ambiental, e refor\u00e7ar a import\u00e2ncia dos ecossistemas, a organiza\u00e7\u00e3o do Desfile C\u00edvico Ecol\u00f3gico 2025 disponibilizou toda uma infraestrutura complementar.<\/p>\n<p>Nesta data especial, a Pra\u00e7a do Coreto recebeu brinquedo pula pula, que fez a alegria dos pequenos e pequenas, houve distribui\u00e7\u00e3o de pipoca Arco \u00cdris, espa\u00e7o de gastronomia, brech\u00f3 Pechinshop com modas masculina e feminina e Feira do Empreendedor (organizada pela Secretaria de Desenvolvimento Econ\u00f4mico) com muita arte, artesanato, del\u00edcias da ro\u00e7a, perfumes, atividades ambientais e entrega de giz de cera mini e folheto de ca\u00e7a-palavras, labirinto, jogo dos sete erros, tudo voltado \u00e0 conscientiza\u00e7\u00e3o ambiental.<\/p>\n<p>Contribu\u00edram com a realiza\u00e7\u00e3o das festividades em comemora\u00e7\u00e3o ao 7 de setembro em Aruj\u00e1 as empresas Renova, Grupo Itaquareia e Lions Internacional.<\/p>\n","protected":false},"excerpt":{"rendered":"<p>A Prefeitura de Aruj\u00e1 realizou neste domingo (7\/9), na Pra\u00e7a do Coreto, o 3\u00ba Desfile Ecol\u00f3gico da cidade, que este ano destacou o tema \u201cBiomas Brasileiros\u201d. O evento organizado pela Secretaria do Meio Ambiente, com apoio da Educa\u00e7\u00e3o, celebrou a Independ\u00eancia do Brasil com ato c\u00edvico, diversidade ambiental, programa\u00e7\u00e3o cultural e Feira do Empreendedor. Prestigiaram [&hellip;]<\/p>\n","protected":false},"author":1,"featured_media":27092,"comment_status":"open","ping_status":"open","sticky":false,"template":"","format":"standard","meta":{"footnotes":""},"categories":[4],"tags":[],"class_list":{"0":"post-27091","1":"post","2":"type-post","3":"status-publish","4":"format-standard","5":"has-post-thumbnail","7":"category-aruja"},"_links":{"self":[{"href":"https:\/\/jm-metropole.com.br\/site\/wp-json\/wp\/v2\/posts\/27091","targetHints":{"allow":["GET"]}}],"collection":[{"href":"https:\/\/jm-metropole.com.br\/site\/wp-json\/wp\/v2\/posts"}],"about":[{"href":"https:\/\/jm-metropole.com.br\/site\/wp-json\/wp\/v2\/types\/post"}],"author":[{"embeddable":true,"href":"https:\/\/jm-metropole.com.br\/site\/wp-json\/wp\/v2\/users\/1"}],"replies":[{"embeddable":true,"href":"https:\/\/jm-metropole.com.br\/site\/wp-json\/wp\/v2\/comments?post=27091"}],"version-history":[{"count":1,"href":"https:\/\/jm-metropole.com.br\/site\/wp-json\/wp\/v2\/posts\/27091\/revisions"}],"predecessor-version":[{"id":27093,"href":"https:\/\/jm-metropole.com.br\/site\/wp-json\/wp\/v2\/posts\/27091\/revisions\/27093"}],"wp:featuredmedia":[{"embeddable":true,"href":"https:\/\/jm-metropole.com.br\/site\/wp-json\/wp\/v2\/media\/27092"}],"wp:attachment":[{"href":"https:\/\/jm-metropole.com.br\/site\/wp-json\/wp\/v2\/media?parent=27091"}],"wp:term":[{"taxonomy":"category","embeddable":true,"href":"https:\/\/jm-metropole.com.br\/site\/wp-json\/wp\/v2\/categories?post=27091"},{"taxonomy":"post_tag","embeddable":true,"href":"https:\/\/jm-metropole.com.br\/site\/wp-json\/wp\/v2\/tags?post=27091"}],"curies":[{"name":"wp","href":"https:\/\/api.w.org\/{rel}","templated":true}]}}