{"id":27088,"date":"2025-09-08T14:34:38","date_gmt":"2025-09-08T17:34:38","guid":{"rendered":"https:\/\/jm-metropole.com.br\/site\/?p=27088"},"modified":"2025-09-08T14:34:38","modified_gmt":"2025-09-08T17:34:38","slug":"guarulhos-celebra-o-7-de-setembro-com-desfile-civico-no-taboao","status":"publish","type":"post","link":"https:\/\/jm-metropole.com.br\/site\/guarulhos-celebra-o-7-de-setembro-com-desfile-civico-no-taboao\/","title":{"rendered":"Guarulhos celebra o 7 de Setembro com Desfile C\u00edvico no Tabo\u00e3o"},"content":{"rendered":"<p>Guarulhos realizou, neste domingo (07\/11), o tradicional Desfile C\u00edvico em comemora\u00e7\u00e3o \u00e0 Independ\u00eancia do Brasil. O evento ocorreu na Avenida Lauro de Gusm\u00e3o Silveira, no bairro do Tabo\u00e3o, e reuniu centenas de pessoas que acompanharam a solenidade.<\/p>\n<p>O desfile contou com a participa\u00e7\u00e3o de diversas corpora\u00e7\u00f5es, institui\u00e7\u00f5es de ensino, entidades civis e militares, al\u00e9m de representantes de \u00f3rg\u00e3os p\u00fablicos. Entre os destaques esteve a presen\u00e7a dos alunos da Academia de Forma\u00e7\u00e3o e Aperfei\u00e7oamento de Guardas (AFAG), que marcharam com orgulho diante da popula\u00e7\u00e3o.<\/p>\n<p>Ao todo, 130 alunos da Guarda Civil Municipal em forma\u00e7\u00e3o participaram do ato c\u00edvico, representando diferentes cidades da regi\u00e3o. De Guarulhos, foram 59 alunos; de Ferraz de Vasconcelos, 35; de Santa Isabel, 25; de Aruj\u00e1, 4; e de Francisco Morato, 7.<\/p>\n<p>Presentes no evento, estiveram o prefeito de Guarulhos, Lucas Sanches; seu vice, Thiago Surfista; al\u00e9m de vereadores, que representaram o legislativo guarulhense; autoridades policiais, representando as For\u00e7as Armadas; as pol\u00edcias Civil e Militar; e tamb\u00e9m a Guarda Civil de Guarulhos.<\/p>\n<p>A presen\u00e7a das futuras GCMs refor\u00e7ou o simbolismo do evento, marcado pelo civismo, disciplina e esp\u00edrito de uni\u00e3o entre munic\u00edpios. Para os alunos, foi tamb\u00e9m uma oportunidade de vivenciar, na pr\u00e1tica, a relev\u00e2ncia da fun\u00e7\u00e3o p\u00fablica que em breve ir\u00e3o desempenhar.<\/p>\n","protected":false},"excerpt":{"rendered":"<p>Guarulhos realizou, neste domingo (07\/11), o tradicional Desfile C\u00edvico em comemora\u00e7\u00e3o \u00e0 Independ\u00eancia do Brasil. O evento ocorreu na Avenida Lauro de Gusm\u00e3o Silveira, no bairro do Tabo\u00e3o, e reuniu centenas de pessoas que acompanharam a solenidade. O desfile contou com a participa\u00e7\u00e3o de diversas corpora\u00e7\u00f5es, institui\u00e7\u00f5es de ensino, entidades civis e militares, al\u00e9m de [&hellip;]<\/p>\n","protected":false},"author":1,"featured_media":27089,"comment_status":"open","ping_status":"open","sticky":false,"template":"","format":"standard","meta":{"footnotes":""},"categories":[3],"tags":[],"class_list":{"0":"post-27088","1":"post","2":"type-post","3":"status-publish","4":"format-standard","5":"has-post-thumbnail","7":"category-guarulhos"},"_links":{"self":[{"href":"https:\/\/jm-metropole.com.br\/site\/wp-json\/wp\/v2\/posts\/27088","targetHints":{"allow":["GET"]}}],"collection":[{"href":"https:\/\/jm-metropole.com.br\/site\/wp-json\/wp\/v2\/posts"}],"about":[{"href":"https:\/\/jm-metropole.com.br\/site\/wp-json\/wp\/v2\/types\/post"}],"author":[{"embeddable":true,"href":"https:\/\/jm-metropole.com.br\/site\/wp-json\/wp\/v2\/users\/1"}],"replies":[{"embeddable":true,"href":"https:\/\/jm-metropole.com.br\/site\/wp-json\/wp\/v2\/comments?post=27088"}],"version-history":[{"count":1,"href":"https:\/\/jm-metropole.com.br\/site\/wp-json\/wp\/v2\/posts\/27088\/revisions"}],"predecessor-version":[{"id":27090,"href":"https:\/\/jm-metropole.com.br\/site\/wp-json\/wp\/v2\/posts\/27088\/revisions\/27090"}],"wp:featuredmedia":[{"embeddable":true,"href":"https:\/\/jm-metropole.com.br\/site\/wp-json\/wp\/v2\/media\/27089"}],"wp:attachment":[{"href":"https:\/\/jm-metropole.com.br\/site\/wp-json\/wp\/v2\/media?parent=27088"}],"wp:term":[{"taxonomy":"category","embeddable":true,"href":"https:\/\/jm-metropole.com.br\/site\/wp-json\/wp\/v2\/categories?post=27088"},{"taxonomy":"post_tag","embeddable":true,"href":"https:\/\/jm-metropole.com.br\/site\/wp-json\/wp\/v2\/tags?post=27088"}],"curies":[{"name":"wp","href":"https:\/\/api.w.org\/{rel}","templated":true}]}}