{"id":27081,"date":"2025-09-05T17:06:02","date_gmt":"2025-09-05T20:06:02","guid":{"rendered":"https:\/\/jm-metropole.com.br\/site\/?p=27081"},"modified":"2025-09-05T17:06:02","modified_gmt":"2025-09-05T20:06:02","slug":"stf-tera-sessao-extra-para-continuidade-de-julgamento-de-bolsonaro","status":"publish","type":"post","link":"https:\/\/jm-metropole.com.br\/site\/stf-tera-sessao-extra-para-continuidade-de-julgamento-de-bolsonaro\/","title":{"rendered":"STF ter\u00e1 sess\u00e3o extra para continuidade de julgamento de Bolsonaro"},"content":{"rendered":"<div class=\"header-noticia full-width\">\n<div class=\"linha-fina-noticia\">Pedido foi feito pelo relator do processo, Alexandre de Moraes<\/div>\n<\/div>\n<div class=\"container-autoria\"><\/div>\n<div>\n<p><strong>O ministro Cristiano Zanin, do Supremo Tribunal Federal (STF), marcou uma sess\u00e3o extra da Primeira Turma da Corte para o julgamento do n\u00facleo 1 da trama golpista, formado pelo ex-presidente Jair Bolsonaro e mais sete aliados.<\/strong><img decoding=\"async\" src=\"https:\/\/agenciabrasil.ebc.com.br\/ebc.png?id=1657260&amp;o=node\" \/><img decoding=\"async\" src=\"https:\/\/agenciabrasil.ebc.com.br\/ebc.gif?id=1657260&amp;o=node\" \/><\/p>\n<p>A decis\u00e3o de Zanin, que \u00e9 presidente do colegiado, foi tomada ap\u00f3s o relator da a\u00e7\u00e3o penal, Alexandre de Moraes, solicitar o agendamento de mais uma sess\u00e3o para julgamento do caso. J\u00e1 estavam agendadas sess\u00f5es para os dias 9, 10 e 12 de setembro.<\/p>\n<p>O julgamento come\u00e7ou nesta semana, quando foram ouvidas as sustenta\u00e7\u00f5es das defesas do ex-presidente e dos demais acusados, al\u00e9m da manifesta\u00e7\u00e3o do procurador-geral da Rep\u00fablica, Paulo Gonet, favor\u00e1vel \u00e0 condena\u00e7\u00e3o de todos os r\u00e9us.<\/p>\n<p><strong>A partir de ter\u00e7a-feira (9), colegiado vai iniciar a vota\u00e7\u00e3o que pode condenar Bolsonaro e os demais acusados a mais de 30 anos de pris\u00e3o.<\/strong><\/p>\n<p>Com a decis\u00e3o de Zanin, o julgamento ter\u00e1 mais quatro dias. Em tr\u00eas deles, ser\u00e3o realizadas sess\u00f5es pela manh\u00e3 e \u00e0 tarde. Para viabilizar a sess\u00e3o dupla na pr\u00f3xima quinta-feira, o STF cancelou a sess\u00e3o do plen\u00e1rio que seria realizada \u00e0s 14h.<\/p>\n<h2>Agenda de sess\u00f5es:<\/h2>\n<p>Dia 9 \u2013 \u00e0s 9h e \u00e0s 14h;<br \/>\nDia 10 \u2013 \u00e0s 9h;<br \/>\nDia 11 \u2013 \u00e0s 9h e \u00e0s 14h;<br \/>\nDia 12 \u2013 \u00e0s 9h e \u00e0s14h;<\/p>\n<h2>Acusa\u00e7\u00f5es<\/h2>\n<p><strong>Pesam contra os acusados a suposta participa\u00e7\u00e3o na elabora\u00e7\u00e3o do plano Punhal\u00a0Verde\u00a0e Amarelo, com planejamento voltado ao sequestro ou homic\u00eddio do ministro Alexandre de Moraes, do presidente Luiz In\u00e1cio Lula da Silva e do vice-presidente, Geraldo Alckmin.<\/strong><\/p>\n<p>Tamb\u00e9m consta na den\u00fancia da PGR a produ\u00e7\u00e3o da chamada \u201cminuta do golpe\u201d, documento que seria de conhecimento de Jair Bolsonaro e serviria para a decreta\u00e7\u00e3o de medidas de estado de defesa e de s\u00edtio no pa\u00eds para tentar reverter o resultado das elei\u00e7\u00f5es de 2022 e impedir a posse do presidente Lula.<\/p>\n<p>A den\u00fancia tamb\u00e9m cita o suposto envolvimento dos acusados com os atos golpistas de 8 de janeiro de 2023.<\/p>\n<h2>Crimes<\/h2>\n<p><strong>Os acusados respondem pelos crimes de organiza\u00e7\u00e3o criminosa armada, tentativa de aboli\u00e7\u00e3o violenta do Estado Democr\u00e1tico de Direito, golpe de Estado, dano qualificado pela viol\u00eancia e grave amea\u00e7a e deteriora\u00e7\u00e3o de patrim\u00f4nio tombado.\u00a0Em caso de condena\u00e7\u00e3o, as penas podem chegar a 30 anos de pris\u00e3o.\u00a0<\/strong><\/p>\n<p>A exce\u00e7\u00e3o \u00e9 o caso do ex-diretor da Abin Alexandre Ramagem, que, atualmente, \u00e9 deputado federal. Ele foi beneficiado com a suspens\u00e3o de parte das acusa\u00e7\u00f5es e responde somente a tr\u00eas dos cinco crimes. A regra est\u00e1 prevista na Constitui\u00e7\u00e3o.<\/p>\n<p>A suspens\u00e3o vale para os crimes de dano qualificado pela viol\u00eancia e grave amea\u00e7a, contra o patrim\u00f4nio da Uni\u00e3o, e com consider\u00e1vel preju\u00edzo para a v\u00edtima e deteriora\u00e7\u00e3o de patrim\u00f4nio tombado, relacionados aos atos golpistas de 8 de janeiro.<\/p>\n<h2>Quem s\u00e3o os r\u00e9us<\/h2>\n<p>Jair Bolsonaro\u00a0\u2013 ex-presidente da Rep\u00fablica;<\/p>\n<p>Alexandre Ramagem &#8211; ex-diretor da Ag\u00eancia Brasileira de Intelig\u00eancia (Abin);<\/p>\n<p>Almir Garnier- ex-comandante da Marinha;<\/p>\n<p>Anderson Torres &#8211; ex-ministro da Justi\u00e7a e ex-secret\u00e1rio de seguran\u00e7a do Distrito Federal;<\/p>\n<p>Augusto Heleno &#8211; ex-ministro do Gabinete de Seguran\u00e7a Institucional (GSI);<\/p>\n<p>Paulo S\u00e9rgio Nogueira &#8211; ex-ministro da Defesa;<\/p>\n<p>Walter Braga Netto &#8211; ex-ministro de Bolsonaro\u00a0e candidato \u00e0 vice na chapa de 2022;<\/p>\n<p>Mauro Cid \u2013 ex-ajudante de ordens de Bolsonaro;<\/p>\n<p>*Com informa\u00e7\u00f5es de Ag\u00eancia Brail<\/p>\n<\/div>\n","protected":false},"excerpt":{"rendered":"<p>Pedido foi feito pelo relator do processo, Alexandre de Moraes O ministro Cristiano Zanin, do Supremo Tribunal Federal (STF), marcou uma sess\u00e3o extra da Primeira Turma da Corte para o julgamento do n\u00facleo 1 da trama golpista, formado pelo ex-presidente Jair Bolsonaro e mais sete aliados. A decis\u00e3o de Zanin, que \u00e9 presidente do colegiado, [&hellip;]<\/p>\n","protected":false},"author":1,"featured_media":27082,"comment_status":"open","ping_status":"open","sticky":false,"template":"","format":"standard","meta":{"footnotes":""},"categories":[1],"tags":[],"class_list":{"0":"post-27081","1":"post","2":"type-post","3":"status-publish","4":"format-standard","5":"has-post-thumbnail","7":"category-tudo"},"_links":{"self":[{"href":"https:\/\/jm-metropole.com.br\/site\/wp-json\/wp\/v2\/posts\/27081","targetHints":{"allow":["GET"]}}],"collection":[{"href":"https:\/\/jm-metropole.com.br\/site\/wp-json\/wp\/v2\/posts"}],"about":[{"href":"https:\/\/jm-metropole.com.br\/site\/wp-json\/wp\/v2\/types\/post"}],"author":[{"embeddable":true,"href":"https:\/\/jm-metropole.com.br\/site\/wp-json\/wp\/v2\/users\/1"}],"replies":[{"embeddable":true,"href":"https:\/\/jm-metropole.com.br\/site\/wp-json\/wp\/v2\/comments?post=27081"}],"version-history":[{"count":1,"href":"https:\/\/jm-metropole.com.br\/site\/wp-json\/wp\/v2\/posts\/27081\/revisions"}],"predecessor-version":[{"id":27083,"href":"https:\/\/jm-metropole.com.br\/site\/wp-json\/wp\/v2\/posts\/27081\/revisions\/27083"}],"wp:featuredmedia":[{"embeddable":true,"href":"https:\/\/jm-metropole.com.br\/site\/wp-json\/wp\/v2\/media\/27082"}],"wp:attachment":[{"href":"https:\/\/jm-metropole.com.br\/site\/wp-json\/wp\/v2\/media?parent=27081"}],"wp:term":[{"taxonomy":"category","embeddable":true,"href":"https:\/\/jm-metropole.com.br\/site\/wp-json\/wp\/v2\/categories?post=27081"},{"taxonomy":"post_tag","embeddable":true,"href":"https:\/\/jm-metropole.com.br\/site\/wp-json\/wp\/v2\/tags?post=27081"}],"curies":[{"name":"wp","href":"https:\/\/api.w.org\/{rel}","templated":true}]}}