{"id":27078,"date":"2025-09-05T17:04:20","date_gmt":"2025-09-05T20:04:20","guid":{"rendered":"https:\/\/jm-metropole.com.br\/site\/?p=27078"},"modified":"2025-09-05T17:04:20","modified_gmt":"2025-09-05T20:04:20","slug":"preco-da-cesta-basica-cai-em-24-capitais-em-agosto","status":"publish","type":"post","link":"https:\/\/jm-metropole.com.br\/site\/preco-da-cesta-basica-cai-em-24-capitais-em-agosto\/","title":{"rendered":"Pre\u00e7o da cesta b\u00e1sica cai em 24 capitais em agosto"},"content":{"rendered":"<div class=\"header-noticia full-width\">\n<div class=\"linha-fina-noticia\">Tomate, carne, arroz e caf\u00e9 ficaram mais baratos<\/div>\n<\/div>\n<div class=\"container-autoria\"><\/div>\n<div>\n<div class=\"header-noticia full-width\">\n<div class=\"linha-fina-noticia\">\n<div class=\"header-noticia full-width\">\n<div class=\"linha-fina-noticia\">\n<p><strong>O pre\u00e7o do conjunto dos alimentos b\u00e1sicos caiu em agosto, na compara\u00e7\u00e3o com julho, em 24 capitais<\/strong>, de acordo com a Pesquisa Nacional da Cesta B\u00e1sica de Alimentos, divulgada nesta sexta-feira (5) pelo Departamento Intersindical de Estat\u00edstica e Estudos Socioecon\u00f4micos (Dieese) e pela Companhia Nacional de Abastecimento (Conab).<img decoding=\"async\" src=\"https:\/\/agenciabrasil.ebc.com.br\/ebc.png?id=1657253&amp;o=node\" \/><img decoding=\"async\" src=\"https:\/\/agenciabrasil.ebc.com.br\/ebc.gif?id=1657253&amp;o=node\" \/><\/p>\n<p><strong>Desde julho de 2025, a pesquisa engloba todas as 27 capitais do pa\u00eds<\/strong>. Anteriormente, o levantamento era feito apenas em 17.<\/p>\n<p><strong>As quedas mais importantes no pre\u00e7o da cesta b\u00e1sica ocorreram em Macei\u00f3 (- 4,1%), Recife (- 4%), Jo\u00e3o Pessoa (- 4%), Natal (- 3,7%), Vit\u00f3ria (- 3,1%) e S\u00e3o Lu\u00eds (- 3,6%<\/strong>). J\u00e1\u00a0<strong>as altas ocorreram em Macap\u00e1 (0,9%), Palmas (0,6%)\u00a0e Rio Branco (0,02%)<\/strong>.<\/p>\n<p><strong>S\u00e3o Paulo foi a capital em que o conjunto dos alimentos b\u00e1sicos apresentou o maior pre\u00e7o (R$ 850,84)<\/strong>, seguida por Florian\u00f3polis (R$ 823,11), Porto Alegre (R$ 811,14)\u00a0e Rio de Janeiro (R$ 801,34).<\/p>\n<p>Nas cidades do Norte e do Nordeste, onde a composi\u00e7\u00e3o da cesta \u00e9 diferente, foram registrados os menores valores dos\u00a0alimentos b\u00e1sicos: Aracaju (R$ 558,16), Macei\u00f3 (R$ 596,23), Salvador (R$ 616,23) e Natal (R$ 622).<\/p>\n<p><a href=\"https:\/\/www.whatsapp.com\/channel\/0029VaoRTgrInlqYLSk59B2M\" target=\"_blank\" rel=\"noopener\">&gt;&gt; Siga o canal da\u00a0<strong>Ag\u00eancia Brasil\u00a0<\/strong>no WhatsApp<\/a><\/p>\n<h2>Acumulado do ano<\/h2>\n<p>A compara\u00e7\u00e3o dos valores da cesta, de agosto de 2024 com o mesmo m\u00eas de 2025, mostrou que\u00a0nas 17 capitais onde a pesquisa era realizada nesse per\u00edodo, houve alta de pre\u00e7o em todas, com varia\u00e7\u00f5es entre 3,3%, em Bel\u00e9m, e 18%, no\u00a0Recife.<\/p>\n<p>No acumulado do ano, ou seja, de janeiro a agosto de 2025, nas 17 capitais pesquisadas, 13 cidades tiveram alta e quatro apresentaram queda.<\/p>\n<p>As maiores eleva\u00e7\u00f5es ocorreram em Fortaleza (7,32%), Recife (6,93%) e Salvador (5,54%). As capitais com varia\u00e7\u00e3o negativa foram Goi\u00e2nia (-1,85%), Bras\u00edlia (-0,55%), Vit\u00f3ria (-0,53%) e Campo Grande (-0,20%).<\/p>\n<p>Com base na cesta mais cara, registrada em\u00a0S\u00e3o Paulo (agosto), e levando em considera\u00e7\u00e3o a determina\u00e7\u00e3o constitucional de que o sal\u00e1rio m\u00ednimo deveria ser suficiente para suprir as despesas de uma fam\u00edlia, de quatro pessoas, com alimenta\u00e7\u00e3o, moradia, sa\u00fade, educa\u00e7\u00e3o, vestu\u00e1rio, higiene, transporte, lazer e previd\u00eancia, o Dieese estimou que o valor do sal\u00e1rio m\u00ednimo necess\u00e1rio, no s\u00e9timo m\u00eas do ano, deveria ter sido de R$ 7.147,91 ou 4,71 vezes o m\u00ednimo atual de R$ 1.518.<\/p>\n<p>Em agosto de 2024, o sal\u00e1rio m\u00ednimo necess\u00e1rio deveria ter ficado em R$ 6.606,13 ou 4,68 vezes o valor vigente na \u00e9poca, que era de R$ 1.412.<\/p>\n<h2>Tomate, arroz e\u00a0feij\u00e3o<\/h2>\n<p><strong>O pre\u00e7o do tomate, em agosto, em compara\u00e7\u00e3o com julho, diminuiu em 25 das 27 capitais\u00a0<\/strong>pesquisadas\u00a0com varia\u00e7\u00f5es entre -26,8%, em Bras\u00edlia, e -3,1%, em Bel\u00e9m.<\/p>\n<p>Os aumentos ocorreram em Macap\u00e1 (9,1%) e Palmas (2,6%).<\/p>\n<p><strong>O pre\u00e7o m\u00e9dio do arroz agulhinha ficou menor tamb\u00e9m em 25 das 27 cidades<\/strong>, com destaque para Macap\u00e1 (- 8,7%) e Florian\u00f3polis (- 5,7%.). Houve aumento em duas capitais: Porto Alegre (0,9%) e Rio Branco (0,9%).<\/p>\n<p>O pre\u00e7o do feij\u00e3o tipo preto, pesquisado nas cidades do Sul, no Rio de Janeiro e em Vit\u00f3ria, apresentou queda em todas as capitais, com destaque para Rio de Janeiro (-6,9%) e Vit\u00f3ria (-3,6%).<\/p>\n<p>O feij\u00e3o carioca, cujo valor \u00e9 coletado nas demais capitais, aumentou apenas em Campo Grande (0,4%) e Teresina (0,1%). As quedas mais importantes foram registradas em S\u00e3o Lu\u00eds (- 5,2%), Belo Horizonte (-4 ,6%) e Porto Velho (- 4,19%).<\/p>\n<h2>Caf\u00e9 e carne bovina<\/h2>\n<p><strong>O pre\u00e7o do caf\u00e9 em p\u00f3 caiu em 24 capitais<\/strong>. As varia\u00e7\u00f5es mais expressivas ocorreram em Bras\u00edlia (-5,5%), Jo\u00e3o Pessoa (-4,7%) e Belo Horizonte (-4,7%). As altas foram observadas em Teresina (0,3%) e Fortaleza (0,1%). Em Aracaju, o pre\u00e7o n\u00e3o variou.<\/p>\n<p><strong>O valor da carne bovina de primeira diminuiu em 18 capitais<\/strong>, com percentuais entre -3,8%, em Vit\u00f3ria, e -0,1%, em Florian\u00f3polis. Em S\u00e3o Lu\u00eds, o valor m\u00e9dio n\u00e3o variou. Aumentos foram registrados em oito capitais, como em\u00a0Rio Branco (2,2%) e Campo Grande (2,1%).<\/p>\n<blockquote><p>\u201cAs exporta\u00e7\u00f5es de carne cresceram em agosto, apesar do aumento das tarifas norte-americanas, e a oferta de abate foi menor, mas, mesmo assim, algumas cidades apresentaram queda no varejo\u201d, destacou o Dieese.<\/p><\/blockquote>\n<p>*Com informa\u00e7\u00f5es de Ag\u00eancia Brasil<\/p>\n<\/div>\n<\/div>\n<div class=\"subheader\">\n<div class=\"container-autoria\"><\/div>\n<\/div>\n<\/div>\n<\/div>\n<div class=\"subheader\">\n<div class=\"container-autoria\"><\/div>\n<\/div>\n<\/div>\n","protected":false},"excerpt":{"rendered":"<p>Tomate, carne, arroz e caf\u00e9 ficaram mais baratos O pre\u00e7o do conjunto dos alimentos b\u00e1sicos caiu em agosto, na compara\u00e7\u00e3o com julho, em 24 capitais, de acordo com a Pesquisa Nacional da Cesta B\u00e1sica de Alimentos, divulgada nesta sexta-feira (5) pelo Departamento Intersindical de Estat\u00edstica e Estudos Socioecon\u00f4micos (Dieese) e pela Companhia Nacional de Abastecimento [&hellip;]<\/p>\n","protected":false},"author":1,"featured_media":27079,"comment_status":"open","ping_status":"open","sticky":false,"template":"","format":"standard","meta":{"footnotes":""},"categories":[1],"tags":[],"class_list":{"0":"post-27078","1":"post","2":"type-post","3":"status-publish","4":"format-standard","5":"has-post-thumbnail","7":"category-tudo"},"_links":{"self":[{"href":"https:\/\/jm-metropole.com.br\/site\/wp-json\/wp\/v2\/posts\/27078","targetHints":{"allow":["GET"]}}],"collection":[{"href":"https:\/\/jm-metropole.com.br\/site\/wp-json\/wp\/v2\/posts"}],"about":[{"href":"https:\/\/jm-metropole.com.br\/site\/wp-json\/wp\/v2\/types\/post"}],"author":[{"embeddable":true,"href":"https:\/\/jm-metropole.com.br\/site\/wp-json\/wp\/v2\/users\/1"}],"replies":[{"embeddable":true,"href":"https:\/\/jm-metropole.com.br\/site\/wp-json\/wp\/v2\/comments?post=27078"}],"version-history":[{"count":1,"href":"https:\/\/jm-metropole.com.br\/site\/wp-json\/wp\/v2\/posts\/27078\/revisions"}],"predecessor-version":[{"id":27080,"href":"https:\/\/jm-metropole.com.br\/site\/wp-json\/wp\/v2\/posts\/27078\/revisions\/27080"}],"wp:featuredmedia":[{"embeddable":true,"href":"https:\/\/jm-metropole.com.br\/site\/wp-json\/wp\/v2\/media\/27079"}],"wp:attachment":[{"href":"https:\/\/jm-metropole.com.br\/site\/wp-json\/wp\/v2\/media?parent=27078"}],"wp:term":[{"taxonomy":"category","embeddable":true,"href":"https:\/\/jm-metropole.com.br\/site\/wp-json\/wp\/v2\/categories?post=27078"},{"taxonomy":"post_tag","embeddable":true,"href":"https:\/\/jm-metropole.com.br\/site\/wp-json\/wp\/v2\/tags?post=27078"}],"curies":[{"name":"wp","href":"https:\/\/api.w.org\/{rel}","templated":true}]}}