{"id":26925,"date":"2025-08-27T17:10:57","date_gmt":"2025-08-27T20:10:57","guid":{"rendered":"https:\/\/jm-metropole.com.br\/site\/?p=26925"},"modified":"2025-08-27T17:10:57","modified_gmt":"2025-08-27T20:10:57","slug":"prefeitura-promove-comemoracoes-da-semana-da-patria-a-partir-de-segunda-feira","status":"publish","type":"post","link":"https:\/\/jm-metropole.com.br\/site\/prefeitura-promove-comemoracoes-da-semana-da-patria-a-partir-de-segunda-feira\/","title":{"rendered":"Prefeitura promove comemora\u00e7\u00f5es da Semana da P\u00e1tria a partir de segunda-feira"},"content":{"rendered":"<p>Orgulho de Viver em Guarulhos \u00e9 o tema da Semana da P\u00e1tria 2025, celebra\u00e7\u00e3o cuja solenidade de abertura acontece na pr\u00f3xima segunda-feira, dia 1\u00ba, \u00e0s 8h, no Pa\u00e7o Municipal. Promovida pela Prefeitura de Guarulhos, a programa\u00e7\u00e3o da Semana da P\u00e1tria 2025 segue at\u00e9 o dia 7 de setembro com mostras dos trabalhos desenvolvidos na cidade. O evento de abertura conta ainda com batismo do blindado Guarani, ve\u00edculo militar de 18 toneladas e fun\u00e7\u00e3o anf\u00edbia, que ficar\u00e1 em exposi\u00e7\u00e3o no Bosque Maia entre os dias 2 e 5 de setembro.<\/p>\n<p>O evento se consolida como um espa\u00e7o de visibilidade dos projetos de organiza\u00e7\u00f5es da sociedade civil da cidade e conta com apresenta\u00e7\u00f5es de alunos de escolas p\u00fablicas e particulares, bem como do Tiro de Guerra, da Base A\u00e9rea de S\u00e3o Paulo, da Policia Militar e da Guarda Civil Municipal.<\/p>\n<p>O tema escolhido para essa edi\u00e7\u00e3o refor\u00e7a o sentimento de pertencimento e a admira\u00e7\u00e3o pela cidade, um convite \u00e0 reflex\u00e3o sobre as mem\u00f3rias, conquistas e valores que permeiam a trajet\u00f3ria dos guarulhenses, evidenciando aspectos culturais, sociais e urbanos que despertam o orgulho de pertencer a esta comunidade. Neste contexto, a proposta destaca muito al\u00e9m do territ\u00f3rio f\u00edsico, mas como parte fundamental da identidade, da hist\u00f3ria e das experi\u00eancias de quem vive em Guarulhos.<\/p>\n<p>Programa\u00e7\u00e3o<\/p>\n<p>Solenidade de Abertura da Semana da P\u00e1tria<br \/>\nData: 1\u00ba de setembro, \u00e0s 8h<br \/>\nLocal: Pa\u00e7o Municipal &#8211; Avenida Bom Clima, 91, Jardim Bom Clima<\/p>\n<p>Exposi\u00e7\u00e3o do Blindado Guarani<br \/>\nData: de 2 a 5 de setembro, das 8h \u00e0s 15h<br \/>\nLocal: Bosque Maia \u2013 Tenda Principal<\/p>\n<p>Desfile C\u00edvico-Militar \u2013 Vila Galv\u00e3o<br \/>\nData: 3 de setembro, \u00e0s 8h30<br \/>\nLocal: Avenida Mem de S\u00e1, Jardim Vila Galv\u00e3o<\/p>\n<p>Desfile C\u00edvico-Militar \u2013 Tabo\u00e3o<br \/>\nData: 7 de setembro, \u00e0s 9h<br \/>\nLocal: Avenida Lauro de Gusm\u00e3o Silveira<\/p>\n<p>Foto: Camila Rhodes\/PMG<\/p>\n","protected":false},"excerpt":{"rendered":"<p>Orgulho de Viver em Guarulhos \u00e9 o tema da Semana da P\u00e1tria 2025, celebra\u00e7\u00e3o cuja solenidade de abertura acontece na pr\u00f3xima segunda-feira, dia 1\u00ba, \u00e0s 8h, no Pa\u00e7o Municipal. Promovida pela Prefeitura de Guarulhos, a programa\u00e7\u00e3o da Semana da P\u00e1tria 2025 segue at\u00e9 o dia 7 de setembro com mostras dos trabalhos desenvolvidos na cidade. [&hellip;]<\/p>\n","protected":false},"author":1,"featured_media":26926,"comment_status":"open","ping_status":"open","sticky":false,"template":"","format":"standard","meta":{"footnotes":""},"categories":[3],"tags":[],"class_list":{"0":"post-26925","1":"post","2":"type-post","3":"status-publish","4":"format-standard","5":"has-post-thumbnail","7":"category-guarulhos"},"_links":{"self":[{"href":"https:\/\/jm-metropole.com.br\/site\/wp-json\/wp\/v2\/posts\/26925","targetHints":{"allow":["GET"]}}],"collection":[{"href":"https:\/\/jm-metropole.com.br\/site\/wp-json\/wp\/v2\/posts"}],"about":[{"href":"https:\/\/jm-metropole.com.br\/site\/wp-json\/wp\/v2\/types\/post"}],"author":[{"embeddable":true,"href":"https:\/\/jm-metropole.com.br\/site\/wp-json\/wp\/v2\/users\/1"}],"replies":[{"embeddable":true,"href":"https:\/\/jm-metropole.com.br\/site\/wp-json\/wp\/v2\/comments?post=26925"}],"version-history":[{"count":1,"href":"https:\/\/jm-metropole.com.br\/site\/wp-json\/wp\/v2\/posts\/26925\/revisions"}],"predecessor-version":[{"id":26927,"href":"https:\/\/jm-metropole.com.br\/site\/wp-json\/wp\/v2\/posts\/26925\/revisions\/26927"}],"wp:featuredmedia":[{"embeddable":true,"href":"https:\/\/jm-metropole.com.br\/site\/wp-json\/wp\/v2\/media\/26926"}],"wp:attachment":[{"href":"https:\/\/jm-metropole.com.br\/site\/wp-json\/wp\/v2\/media?parent=26925"}],"wp:term":[{"taxonomy":"category","embeddable":true,"href":"https:\/\/jm-metropole.com.br\/site\/wp-json\/wp\/v2\/categories?post=26925"},{"taxonomy":"post_tag","embeddable":true,"href":"https:\/\/jm-metropole.com.br\/site\/wp-json\/wp\/v2\/tags?post=26925"}],"curies":[{"name":"wp","href":"https:\/\/api.w.org\/{rel}","templated":true}]}}