{"id":26912,"date":"2025-08-27T11:32:25","date_gmt":"2025-08-27T14:32:25","guid":{"rendered":"https:\/\/jm-metropole.com.br\/site\/?p=26912"},"modified":"2025-08-27T11:32:25","modified_gmt":"2025-08-27T14:32:25","slug":"fundo-social-de-solidariedade-de-aruja-lanca-projetos-lacre-solidario-e-tampinha-do-bem-em-escolas-estaduais","status":"publish","type":"post","link":"https:\/\/jm-metropole.com.br\/site\/fundo-social-de-solidariedade-de-aruja-lanca-projetos-lacre-solidario-e-tampinha-do-bem-em-escolas-estaduais\/","title":{"rendered":"Fundo Social de Solidariedade de Aruj\u00e1 lan\u00e7a projetos \u201cLacre Solid\u00e1rio\u201d e \u201cTampinha do Bem\u201d em escolas estaduais"},"content":{"rendered":"<p>Iniciativa leva educa\u00e7\u00e3o ambiental e solidariedade para as escolas estaduais, unindo alunos na arrecada\u00e7\u00e3o de lacres e tampinhas para apoiar causas sociais<\/p>\n<p>O Fundo Social de Solidariedade de Aruj\u00e1 deu in\u00edcio, nesta ter\u00e7a-feira (26), \u00e0 expans\u00e3o dos projetos \u201cLacre Solid\u00e1rio\u201d e \u201cTampinha do Bem\u201d para a rede estadual de ensino. A primeira unidade a receber a iniciativa foi a Escola Estadual Ana Maria de Carvalho Pereira, que fica no bairro Jardim Em\u00edlia e conta com cerca de 750 alunos dos anos finais do ensino fundamental e do ensino m\u00e9dio.<\/p>\n<p>Cerca de 30 estudantes, representando todas as salas da escola, participaram do lan\u00e7amento que contou com a presen\u00e7a da presidente volunt\u00e1ria do Fundo Social de Solidariedade, Clau Camargo, al\u00e9m da abelinha, que \u00e9 a mascote do projeto Vale Reciclar e demais projetos relacionados \u00e0 conserva\u00e7\u00e3o ambiental. A arrecada\u00e7\u00e3o nas escolas estaduais ser\u00e1 realizada no formato de gincana, incentivando o engajamento e a participa\u00e7\u00e3o ativa dos alunos.<\/p>\n<p>Atualmente, o projeto \u201cLacre Solid\u00e1rio\u201d j\u00e1 conta com mais de 50 pontos comerciais de arrecada\u00e7\u00e3o em Aruj\u00e1, al\u00e9m de toda a rede municipal. Neste ano foram arrecadados mais de 2,2 milh\u00f5es de lacres, o que possibilitou a troca por cinco cadeiras de rodas junto \u00e0 concession\u00e1ria SPMar. A cada 440 mil lacres arrecadados, \u00e9 poss\u00edvel realizar a troca por uma cadeira de rodas, que \u00e9 doada ou emprestada a pessoas que necessitam do equipamento.<\/p>\n<p>J\u00e1 o projeto \u201cTampinha do Bem\u201d promove a troca de tampinhas pl\u00e1sticas por ra\u00e7\u00e3o, que \u00e9 destinada a ONGs e protetores independentes de animais do munic\u00edpio, refor\u00e7ando o compromisso com a causa animal e a sustentabilidade.<\/p>\n<p>A presidente volunt\u00e1ria do Fundo Social, Clau Camargo, destacou a import\u00e2ncia da expans\u00e3o: \u201cEsses projetos j\u00e1 t\u00eam transformado realidades em Aruj\u00e1 e agora queremos ampliar o impacto, envolvendo ainda mais pessoas, especialmente os jovens. A cada cadeira de rodas doada, a cada animal alimentado, temos a certeza de que estamos construindo uma cidade mais solid\u00e1ria e sustent\u00e1vel. Esse \u00e9 o papel do Fundo Social: unir esfor\u00e7os para gerar impacto positivo na vida das pessoas e no meio ambiente.\u201d<\/p>\n<p>Para a diretora da escola, Silv\u00e2nia Soares, a iniciativa tamb\u00e9m ser\u00e1 incorporada ao dia a dia pedag\u00f3gico: \u201cAl\u00e9m de incentivar a solidariedade e a cidadania, o projeto vai refor\u00e7ar o trabalho de educa\u00e7\u00e3o ambiental dentro da escola, em sintonia com os Objetivos de Desenvolvimento Sustent\u00e1vel (ODS). Com isso, os alunos aprendem na pr\u00e1tica o valor da responsabilidade social e ambiental\u201d, disse.<\/p>\n<p>O objetivo \u00e9 que, gradativamente, todas as escolas estaduais de Aruj\u00e1 recebam os projetos, ampliando a arrecada\u00e7\u00e3o e fortalecendo a conscientiza\u00e7\u00e3o social e ambiental entre os jovens.<\/p>\n","protected":false},"excerpt":{"rendered":"<p>Iniciativa leva educa\u00e7\u00e3o ambiental e solidariedade para as escolas estaduais, unindo alunos na arrecada\u00e7\u00e3o de lacres e tampinhas para apoiar causas sociais O Fundo Social de Solidariedade de Aruj\u00e1 deu in\u00edcio, nesta ter\u00e7a-feira (26), \u00e0 expans\u00e3o dos projetos \u201cLacre Solid\u00e1rio\u201d e \u201cTampinha do Bem\u201d para a rede estadual de ensino. A primeira unidade a receber [&hellip;]<\/p>\n","protected":false},"author":1,"featured_media":26913,"comment_status":"open","ping_status":"open","sticky":false,"template":"","format":"standard","meta":{"footnotes":""},"categories":[6],"tags":[],"class_list":{"0":"post-26912","1":"post","2":"type-post","3":"status-publish","4":"format-standard","5":"has-post-thumbnail","7":"category-itaqua"},"_links":{"self":[{"href":"https:\/\/jm-metropole.com.br\/site\/wp-json\/wp\/v2\/posts\/26912","targetHints":{"allow":["GET"]}}],"collection":[{"href":"https:\/\/jm-metropole.com.br\/site\/wp-json\/wp\/v2\/posts"}],"about":[{"href":"https:\/\/jm-metropole.com.br\/site\/wp-json\/wp\/v2\/types\/post"}],"author":[{"embeddable":true,"href":"https:\/\/jm-metropole.com.br\/site\/wp-json\/wp\/v2\/users\/1"}],"replies":[{"embeddable":true,"href":"https:\/\/jm-metropole.com.br\/site\/wp-json\/wp\/v2\/comments?post=26912"}],"version-history":[{"count":1,"href":"https:\/\/jm-metropole.com.br\/site\/wp-json\/wp\/v2\/posts\/26912\/revisions"}],"predecessor-version":[{"id":26914,"href":"https:\/\/jm-metropole.com.br\/site\/wp-json\/wp\/v2\/posts\/26912\/revisions\/26914"}],"wp:featuredmedia":[{"embeddable":true,"href":"https:\/\/jm-metropole.com.br\/site\/wp-json\/wp\/v2\/media\/26913"}],"wp:attachment":[{"href":"https:\/\/jm-metropole.com.br\/site\/wp-json\/wp\/v2\/media?parent=26912"}],"wp:term":[{"taxonomy":"category","embeddable":true,"href":"https:\/\/jm-metropole.com.br\/site\/wp-json\/wp\/v2\/categories?post=26912"},{"taxonomy":"post_tag","embeddable":true,"href":"https:\/\/jm-metropole.com.br\/site\/wp-json\/wp\/v2\/tags?post=26912"}],"curies":[{"name":"wp","href":"https:\/\/api.w.org\/{rel}","templated":true}]}}