{"id":26909,"date":"2025-08-27T11:31:20","date_gmt":"2025-08-27T14:31:20","guid":{"rendered":"https:\/\/jm-metropole.com.br\/site\/?p=26909"},"modified":"2025-08-27T11:31:20","modified_gmt":"2025-08-27T14:31:20","slug":"projovem-itaqua-abre-inscricoes-para-cursos-profissionalizantes-livres-nesta-sexta-29","status":"publish","type":"post","link":"https:\/\/jm-metropole.com.br\/site\/projovem-itaqua-abre-inscricoes-para-cursos-profissionalizantes-livres-nesta-sexta-29\/","title":{"rendered":"ProJovem Itaqu\u00e1 abre inscri\u00e7\u00f5es para cursos profissionalizantes livres nesta sexta (29)"},"content":{"rendered":"<p>Necess\u00e1rio ter entre 15 e 29 anos e ser morador do munic\u00edpio<\/p>\n<p>O ProJovem Itaqu\u00e1 abre, nesta sexta-feira (29), inscri\u00e7\u00f5es para uma nova rodada de cursos profissionalizantes livres voltados a jovens moradores do munic\u00edpio que tenham entre 15 e 29 anos com foco na capacita\u00e7\u00e3o para o mercado de trabalho e nas novas demandas da economia digital.<\/p>\n<p>As forma\u00e7\u00f5es abrangem \u00e1reas de alta demanda e interesse: programa\u00e7\u00e3o web, desenvolvimento de jogos, social media, podcast e youtuber, pilotagem de drone, fotografia com smartphone, design gr\u00e1fico e produ\u00e7\u00e3o de objetos 3D, Intelig\u00eancia Artificial &#8211; produ\u00e7\u00e3o de conte\u00fado, desenho e ilustra\u00e7\u00e3o.<\/p>\n<p>As inscri\u00e7\u00f5es devem ser feitas de forma online pelo link cutt.ly\/6rKplfmY at\u00e9 9 de setembro. Os cursos s\u00e3o gratuitos e oferecem certifica\u00e7\u00e3o ao final. Para mais informa\u00e7\u00f5es o ProJovem est\u00e1 localizado na avenida Emancipa\u00e7\u00e3o, 37 \u2013 Centro.<\/p>\n<p>\u201c\u00c9 uma excelente oportunidade para quem deseja adquirir novas habilidades, se atualizar e aumentar as chances de inser\u00e7\u00e3o no mercado de trabalho\u201d, destacou a secret\u00e1ria da Mulher, Direitos Humanos e Cidadania, Hadla Issa.<\/p>\n<p>\u201cO Projovem \u00e9 um espa\u00e7o antenado com as novas profiss\u00f5es e por isso tem dado t\u00e3o certo. Esperamos capacitar cada vez mais jovens da cidade\u201d, finalizou o prefeito Eduardo Boigues.<\/p>\n<p>Fotos: Dayane Oliveira (fachada, slam e audit\u00f3rio com professor), Eduardo Borges (sala com notebooks e aula no audit\u00f3rio) e Aline Sabino (estudantes em roda)<\/p>\n","protected":false},"excerpt":{"rendered":"<p>Necess\u00e1rio ter entre 15 e 29 anos e ser morador do munic\u00edpio O ProJovem Itaqu\u00e1 abre, nesta sexta-feira (29), inscri\u00e7\u00f5es para uma nova rodada de cursos profissionalizantes livres voltados a jovens moradores do munic\u00edpio que tenham entre 15 e 29 anos com foco na capacita\u00e7\u00e3o para o mercado de trabalho e nas novas demandas da [&hellip;]<\/p>\n","protected":false},"author":1,"featured_media":26910,"comment_status":"open","ping_status":"open","sticky":false,"template":"","format":"standard","meta":{"footnotes":""},"categories":[6],"tags":[],"class_list":{"0":"post-26909","1":"post","2":"type-post","3":"status-publish","4":"format-standard","5":"has-post-thumbnail","7":"category-itaqua"},"_links":{"self":[{"href":"https:\/\/jm-metropole.com.br\/site\/wp-json\/wp\/v2\/posts\/26909","targetHints":{"allow":["GET"]}}],"collection":[{"href":"https:\/\/jm-metropole.com.br\/site\/wp-json\/wp\/v2\/posts"}],"about":[{"href":"https:\/\/jm-metropole.com.br\/site\/wp-json\/wp\/v2\/types\/post"}],"author":[{"embeddable":true,"href":"https:\/\/jm-metropole.com.br\/site\/wp-json\/wp\/v2\/users\/1"}],"replies":[{"embeddable":true,"href":"https:\/\/jm-metropole.com.br\/site\/wp-json\/wp\/v2\/comments?post=26909"}],"version-history":[{"count":1,"href":"https:\/\/jm-metropole.com.br\/site\/wp-json\/wp\/v2\/posts\/26909\/revisions"}],"predecessor-version":[{"id":26911,"href":"https:\/\/jm-metropole.com.br\/site\/wp-json\/wp\/v2\/posts\/26909\/revisions\/26911"}],"wp:featuredmedia":[{"embeddable":true,"href":"https:\/\/jm-metropole.com.br\/site\/wp-json\/wp\/v2\/media\/26910"}],"wp:attachment":[{"href":"https:\/\/jm-metropole.com.br\/site\/wp-json\/wp\/v2\/media?parent=26909"}],"wp:term":[{"taxonomy":"category","embeddable":true,"href":"https:\/\/jm-metropole.com.br\/site\/wp-json\/wp\/v2\/categories?post=26909"},{"taxonomy":"post_tag","embeddable":true,"href":"https:\/\/jm-metropole.com.br\/site\/wp-json\/wp\/v2\/tags?post=26909"}],"curies":[{"name":"wp","href":"https:\/\/api.w.org\/{rel}","templated":true}]}}