{"id":26906,"date":"2025-08-27T11:30:16","date_gmt":"2025-08-27T14:30:16","guid":{"rendered":"https:\/\/jm-metropole.com.br\/site\/?p=26906"},"modified":"2025-08-27T11:30:16","modified_gmt":"2025-08-27T14:30:16","slug":"itaqua-abre-inscricoes-para-curso-de-corte-e-costura","status":"publish","type":"post","link":"https:\/\/jm-metropole.com.br\/site\/itaqua-abre-inscricoes-para-curso-de-corte-e-costura\/","title":{"rendered":"Itaqu\u00e1 abre inscri\u00e7\u00f5es para curso de corte e costura"},"content":{"rendered":"<p>Aulas ser\u00e3o realizadas em duas turmas<\/p>\n<p>A Prefeitura de Itaquaquecetuba, por meio da Secretaria de Emprego e Desenvolvimento Econ\u00f4mico, abriu inscri\u00e7\u00f5es para novas turmas do curso de corte e costura.<\/p>\n<p>A iniciativa \u00e9 uma oportunidade para quem deseja se qualificar, adquirir experi\u00eancia pr\u00e1tica ou se recolocar no mercado de trabalho.<\/p>\n<p>O curso oferece aulas te\u00f3ricas e pr\u00e1ticas, abordando conte\u00fados essenciais para quem deseja atuar na \u00e1rea, como hist\u00f3ria da moda, t\u00e9cnica de modelagem, costura, al\u00e9m de medidas e ajustes.<\/p>\n<p>S\u00e3o 30 vagas divididas em duas turmas de 15 alunos cada. As aulas ser\u00e3o realizadas nos per\u00edodos da manh\u00e3, das 8h \u00e0s 12h, e da tarde, das 13h \u00e0s 17h, proporcionando mais flexibilidade aos participantes.<\/p>\n<p>&#8220;Queremos oferecer oportunidades de capacita\u00e7\u00e3o que realmente fa\u00e7am a diferen\u00e7a na vida das pessoas. O curso de corte e costura \u00e9 uma excelente chance para quem quer se qualificar, adquirir experi\u00eancia pr\u00e1tica e aumentar as chances no mercado de trabalho&#8221;, disse o chefe da pasta, Luciano D\u00e1vila.<\/p>\n<p>As inscri\u00e7\u00f5es s\u00e3o destinadas a quem tem 18 anos ou mais e devem ser realizadas at\u00e9 sexta-feira (29), das 8h \u00e0s 16h, na secretaria (rua Dom Thomaz Frey, 89 \u2013 Centro).<\/p>\n<p>&#8220;Investir em qualifica\u00e7\u00e3o profissional \u00e9 investir no futuro. Cursos como esse ajudam a fortalecer a economia local e d\u00e3o \u00e0s pessoas a oportunidade de crescimento pessoal\u201d, acrescentou o prefeito Eduardo Boigues.<\/p>\n<p>Fotos: Dayane Oliveira<\/p>\n","protected":false},"excerpt":{"rendered":"<p>Aulas ser\u00e3o realizadas em duas turmas A Prefeitura de Itaquaquecetuba, por meio da Secretaria de Emprego e Desenvolvimento Econ\u00f4mico, abriu inscri\u00e7\u00f5es para novas turmas do curso de corte e costura. A iniciativa \u00e9 uma oportunidade para quem deseja se qualificar, adquirir experi\u00eancia pr\u00e1tica ou se recolocar no mercado de trabalho. O curso oferece aulas te\u00f3ricas [&hellip;]<\/p>\n","protected":false},"author":1,"featured_media":26907,"comment_status":"open","ping_status":"open","sticky":false,"template":"","format":"standard","meta":{"footnotes":""},"categories":[6],"tags":[],"class_list":{"0":"post-26906","1":"post","2":"type-post","3":"status-publish","4":"format-standard","5":"has-post-thumbnail","7":"category-itaqua"},"_links":{"self":[{"href":"https:\/\/jm-metropole.com.br\/site\/wp-json\/wp\/v2\/posts\/26906","targetHints":{"allow":["GET"]}}],"collection":[{"href":"https:\/\/jm-metropole.com.br\/site\/wp-json\/wp\/v2\/posts"}],"about":[{"href":"https:\/\/jm-metropole.com.br\/site\/wp-json\/wp\/v2\/types\/post"}],"author":[{"embeddable":true,"href":"https:\/\/jm-metropole.com.br\/site\/wp-json\/wp\/v2\/users\/1"}],"replies":[{"embeddable":true,"href":"https:\/\/jm-metropole.com.br\/site\/wp-json\/wp\/v2\/comments?post=26906"}],"version-history":[{"count":1,"href":"https:\/\/jm-metropole.com.br\/site\/wp-json\/wp\/v2\/posts\/26906\/revisions"}],"predecessor-version":[{"id":26908,"href":"https:\/\/jm-metropole.com.br\/site\/wp-json\/wp\/v2\/posts\/26906\/revisions\/26908"}],"wp:featuredmedia":[{"embeddable":true,"href":"https:\/\/jm-metropole.com.br\/site\/wp-json\/wp\/v2\/media\/26907"}],"wp:attachment":[{"href":"https:\/\/jm-metropole.com.br\/site\/wp-json\/wp\/v2\/media?parent=26906"}],"wp:term":[{"taxonomy":"category","embeddable":true,"href":"https:\/\/jm-metropole.com.br\/site\/wp-json\/wp\/v2\/categories?post=26906"},{"taxonomy":"post_tag","embeddable":true,"href":"https:\/\/jm-metropole.com.br\/site\/wp-json\/wp\/v2\/tags?post=26906"}],"curies":[{"name":"wp","href":"https:\/\/api.w.org\/{rel}","templated":true}]}}