{"id":269,"date":"2022-01-06T16:18:01","date_gmt":"2022-01-06T19:18:01","guid":{"rendered":"https:\/\/jm-metropole.com.br\/site\/?p=269"},"modified":"2022-01-06T16:18:01","modified_gmt":"2022-01-06T19:18:01","slug":"artesp-oficializa-alca-de-saida-do-rodoanel-na-sp-66-nas-cidades-de-poa-e-suzano","status":"publish","type":"post","link":"https:\/\/jm-metropole.com.br\/site\/artesp-oficializa-alca-de-saida-do-rodoanel-na-sp-66-nas-cidades-de-poa-e-suzano\/","title":{"rendered":"Artesp oficializa al\u00e7a de sa\u00edda do Rodoanel na SP-66 nas cidades de Po\u00e1 e Suzano"},"content":{"rendered":"<p><em>Vice-prefeito poaense participou de uma reuni\u00e3o com a Ag\u00eancia para cobrar defini\u00e7\u00f5es sobre o cronograma da obra e o local de constru\u00e7\u00e3o das al\u00e7as<\/em><\/p>\n<p><img loading=\"lazy\" decoding=\"async\" class=\"size-medium wp-image-271 aligncenter\" src=\"https:\/\/jm-metropole.com.br\/site\/wp-content\/uploads\/2022\/01\/WhatsApp-Image-2022-01-06-at-14.44.47-1-300x225.jpeg\" alt=\"\" width=\"300\" height=\"225\" srcset=\"https:\/\/jm-metropole.com.br\/site\/wp-content\/uploads\/2022\/01\/WhatsApp-Image-2022-01-06-at-14.44.47-1-300x225.jpeg 300w, https:\/\/jm-metropole.com.br\/site\/wp-content\/uploads\/2022\/01\/WhatsApp-Image-2022-01-06-at-14.44.47-1-1024x768.jpeg 1024w, https:\/\/jm-metropole.com.br\/site\/wp-content\/uploads\/2022\/01\/WhatsApp-Image-2022-01-06-at-14.44.47-1-768x576.jpeg 768w, https:\/\/jm-metropole.com.br\/site\/wp-content\/uploads\/2022\/01\/WhatsApp-Image-2022-01-06-at-14.44.47-1-150x112.jpeg 150w, https:\/\/jm-metropole.com.br\/site\/wp-content\/uploads\/2022\/01\/WhatsApp-Image-2022-01-06-at-14.44.47-1-696x522.jpeg 696w, https:\/\/jm-metropole.com.br\/site\/wp-content\/uploads\/2022\/01\/WhatsApp-Image-2022-01-06-at-14.44.47-1-1068x801.jpeg 1068w, https:\/\/jm-metropole.com.br\/site\/wp-content\/uploads\/2022\/01\/WhatsApp-Image-2022-01-06-at-14.44.47-1.jpeg 1082w\" sizes=\"auto, (max-width: 300px) 100vw, 300px\" \/><\/p>\n<p>O vice-prefeito Geraldo Oliveira participou, na manh\u00e3 desta quarta-feira (05\/01) de uma reuni\u00e3o com a Ag\u00eancia de Transporte do Estado de S\u00e3o Paulo (Artesp), onde foi oficializado que o munic\u00edpio de Po\u00e1 receber\u00e1 uma al\u00e7a de sa\u00edda do Rodoanel Mario Covas. A nova al\u00e7a ser\u00e1 constru\u00edda na rodovia Jo\u00e3o Afonso de Souza Castellano, no limite com a cidade de Suzano. Representando a chefe do Executivo Municipal, Marcia Bin, o vice-prefeito esteve acompanhado pelo deputado estadual, Andr\u00e9 do Prado e o prefeito suzanense Rodrigo Ashiuchi.<\/p>\n<p>A comitiva formada pelos representantes dos Executivos das referidas cidades e o parlamentar, esteve na Artesp para cobrar mais agilidade da Ag\u00eancia com rela\u00e7\u00e3o \u00e0 defini\u00e7\u00e3o dos prazos e do pr\u00f3prio local de implanta\u00e7\u00e3o das al\u00e7as de sa\u00edda da rodovia, por se tratar de uma obra de grande import\u00e2ncia para o desenvolvimento da regi\u00e3o do Alto Tiet\u00ea.<\/p>\n<p><img loading=\"lazy\" decoding=\"async\" class=\"size-medium wp-image-273 aligncenter\" src=\"https:\/\/jm-metropole.com.br\/site\/wp-content\/uploads\/2022\/01\/WhatsApp-Image-2022-01-06-at-14.44.47-300x225.jpeg\" alt=\"\" width=\"300\" height=\"225\" srcset=\"https:\/\/jm-metropole.com.br\/site\/wp-content\/uploads\/2022\/01\/WhatsApp-Image-2022-01-06-at-14.44.47-300x225.jpeg 300w, https:\/\/jm-metropole.com.br\/site\/wp-content\/uploads\/2022\/01\/WhatsApp-Image-2022-01-06-at-14.44.47-1024x768.jpeg 1024w, https:\/\/jm-metropole.com.br\/site\/wp-content\/uploads\/2022\/01\/WhatsApp-Image-2022-01-06-at-14.44.47-768x576.jpeg 768w, https:\/\/jm-metropole.com.br\/site\/wp-content\/uploads\/2022\/01\/WhatsApp-Image-2022-01-06-at-14.44.47-150x112.jpeg 150w, https:\/\/jm-metropole.com.br\/site\/wp-content\/uploads\/2022\/01\/WhatsApp-Image-2022-01-06-at-14.44.47-696x522.jpeg 696w, https:\/\/jm-metropole.com.br\/site\/wp-content\/uploads\/2022\/01\/WhatsApp-Image-2022-01-06-at-14.44.47-1068x801.jpeg 1068w, https:\/\/jm-metropole.com.br\/site\/wp-content\/uploads\/2022\/01\/WhatsApp-Image-2022-01-06-at-14.44.47.jpeg 1082w\" sizes=\"auto, (max-width: 300px) 100vw, 300px\" \/><\/p>\n<p>\u201cJ\u00e1 t\u00ednhamos a informa\u00e7\u00e3o de que estava praticamente certa a constru\u00e7\u00e3o da al\u00e7a naquele local, mas s\u00f3 foi oficialmente confirmada nesta reuni\u00e3o, o que nos deixou muito satisfeitos. Esta obra trar\u00e1 desenvolvimento e receita para o munic\u00edpio, assim como para toda a regi\u00e3o\u201d, afirmou Geraldo Oliveira.<\/p>\n<p>De acordo com o diretor da Artesp, Jo\u00e3o Luis Lopes, o Projeto Funcional est\u00e1 em fase final e nos pr\u00f3ximos dias ser\u00e1 entregue pela concession\u00e1ria SPMar. \u201cAp\u00f3s a conclus\u00e3o, daremos in\u00edcio ao Projeto Executivo. Sabemos da import\u00e2ncia da obra para o Alto Tiet\u00ea e estamos trabalhando para iniciar a implanta\u00e7\u00e3o das al\u00e7as o mais breve poss\u00edvel\u201d, afirmou.<\/p>\n<p>\u201cVale ressaltar que a prefeita Marcia Bin tem total interesse na conclus\u00e3o deste projeto, al\u00e9m de sempre ter se posicionado a favor da implanta\u00e7\u00e3o das al\u00e7as naquela \u00e1rea, por entender que \u00e9 a melhor op\u00e7\u00e3o para Po\u00e1 e regi\u00e3o. Aproveito tamb\u00e9m para agradecer ao deputado Andr\u00e9 do Prado, que tem lutado insistentemente pela constru\u00e7\u00e3o destas al\u00e7as\u201d, finalizou o vice-prefeito. Ser\u00e3o duas al\u00e7as de sa\u00edda, sendo uma em Po\u00e1 e outra na cidade de Suzano.<\/p>\n<p><img loading=\"lazy\" decoding=\"async\" class=\"size-medium wp-image-274 aligncenter\" src=\"https:\/\/jm-metropole.com.br\/site\/wp-content\/uploads\/2022\/01\/WhatsApp-Image-2022-01-06-at-14.44.48-300x225.jpeg\" alt=\"\" width=\"300\" height=\"225\" srcset=\"https:\/\/jm-metropole.com.br\/site\/wp-content\/uploads\/2022\/01\/WhatsApp-Image-2022-01-06-at-14.44.48-300x225.jpeg 300w, https:\/\/jm-metropole.com.br\/site\/wp-content\/uploads\/2022\/01\/WhatsApp-Image-2022-01-06-at-14.44.48-1024x768.jpeg 1024w, https:\/\/jm-metropole.com.br\/site\/wp-content\/uploads\/2022\/01\/WhatsApp-Image-2022-01-06-at-14.44.48-768x576.jpeg 768w, https:\/\/jm-metropole.com.br\/site\/wp-content\/uploads\/2022\/01\/WhatsApp-Image-2022-01-06-at-14.44.48-150x112.jpeg 150w, https:\/\/jm-metropole.com.br\/site\/wp-content\/uploads\/2022\/01\/WhatsApp-Image-2022-01-06-at-14.44.48-696x522.jpeg 696w, https:\/\/jm-metropole.com.br\/site\/wp-content\/uploads\/2022\/01\/WhatsApp-Image-2022-01-06-at-14.44.48-1068x801.jpeg 1068w, https:\/\/jm-metropole.com.br\/site\/wp-content\/uploads\/2022\/01\/WhatsApp-Image-2022-01-06-at-14.44.48.jpeg 1082w\" sizes=\"auto, (max-width: 300px) 100vw, 300px\" \/><\/p>\n<p>Tamb\u00e9m participaram da reuni\u00e3o os representantes da Artesp, Caio Miranda (chefe de Gabinete), Guilherme Schibik (assessor da Diretoria de Investimento) e Luis Cl\u00e1udio Marchesi (assessor parlamentar).<\/p>\n<p>FOTOS: Ronaldo Andrade \u2013 Secom Po\u00e1<\/p>\n","protected":false},"excerpt":{"rendered":"<p>Vice-prefeito poaense participou de uma reuni\u00e3o com a Ag\u00eancia para cobrar defini\u00e7\u00f5es sobre o cronograma da obra e o local de constru\u00e7\u00e3o das al\u00e7as O vice-prefeito Geraldo Oliveira participou, na manh\u00e3 desta quarta-feira (05\/01) de uma reuni\u00e3o com a Ag\u00eancia de Transporte do Estado de S\u00e3o Paulo (Artesp), onde foi oficializado que o munic\u00edpio de [&hellip;]<\/p>\n","protected":false},"author":1,"featured_media":272,"comment_status":"open","ping_status":"open","sticky":false,"template":"","format":"standard","meta":{"footnotes":""},"categories":[2,19,9],"tags":[],"class_list":{"0":"post-269","1":"post","2":"type-post","3":"status-publish","4":"format-standard","5":"has-post-thumbnail","7":"category-cidades","8":"category-poa","9":"category-suzano"},"_links":{"self":[{"href":"https:\/\/jm-metropole.com.br\/site\/wp-json\/wp\/v2\/posts\/269","targetHints":{"allow":["GET"]}}],"collection":[{"href":"https:\/\/jm-metropole.com.br\/site\/wp-json\/wp\/v2\/posts"}],"about":[{"href":"https:\/\/jm-metropole.com.br\/site\/wp-json\/wp\/v2\/types\/post"}],"author":[{"embeddable":true,"href":"https:\/\/jm-metropole.com.br\/site\/wp-json\/wp\/v2\/users\/1"}],"replies":[{"embeddable":true,"href":"https:\/\/jm-metropole.com.br\/site\/wp-json\/wp\/v2\/comments?post=269"}],"version-history":[{"count":1,"href":"https:\/\/jm-metropole.com.br\/site\/wp-json\/wp\/v2\/posts\/269\/revisions"}],"predecessor-version":[{"id":276,"href":"https:\/\/jm-metropole.com.br\/site\/wp-json\/wp\/v2\/posts\/269\/revisions\/276"}],"wp:featuredmedia":[{"embeddable":true,"href":"https:\/\/jm-metropole.com.br\/site\/wp-json\/wp\/v2\/media\/272"}],"wp:attachment":[{"href":"https:\/\/jm-metropole.com.br\/site\/wp-json\/wp\/v2\/media?parent=269"}],"wp:term":[{"taxonomy":"category","embeddable":true,"href":"https:\/\/jm-metropole.com.br\/site\/wp-json\/wp\/v2\/categories?post=269"},{"taxonomy":"post_tag","embeddable":true,"href":"https:\/\/jm-metropole.com.br\/site\/wp-json\/wp\/v2\/tags?post=269"}],"curies":[{"name":"wp","href":"https:\/\/api.w.org\/{rel}","templated":true}]}}