{"id":26899,"date":"2025-08-26T17:33:51","date_gmt":"2025-08-26T20:33:51","guid":{"rendered":"https:\/\/jm-metropole.com.br\/site\/?p=26899"},"modified":"2025-08-26T17:33:51","modified_gmt":"2025-08-26T20:33:51","slug":"guarulhos-celebra-o-dia-internacional-da-igualdade-feminina-com-avancos-nas-politicas-publicas-para-mulheres","status":"publish","type":"post","link":"https:\/\/jm-metropole.com.br\/site\/guarulhos-celebra-o-dia-internacional-da-igualdade-feminina-com-avancos-nas-politicas-publicas-para-mulheres\/","title":{"rendered":"Guarulhos celebra o Dia Internacional da Igualdade Feminina com avan\u00e7os nas pol\u00edticas p\u00fablicas para mulheres"},"content":{"rendered":"<p>Nesta ter\u00e7a-feira (26) &#8211; Dia Internacional da Igualdade Feminina \u2013 a Subsecretaria de Pol\u00edticas para as Mulheres divulgou um balan\u00e7o das a\u00e7\u00f5es realizadas nos sete primeiros meses do ano em prol da equidade de g\u00eanero, autonomia financeira, eleva\u00e7\u00e3o da autoestima e combate \u00e0 viol\u00eancia dom\u00e9stica. Nesse per\u00edodo, as cinco unidades das Casas da Mulher Clara Maria (Bom Clima, Vila Galv\u00e3o, Recreio S\u00e3o Jorge, Pimentas e Haroldo Veloso) promoveram oficinas e cursos de capacita\u00e7\u00e3o (costura e conserto, inform\u00e1tica, oficinas de artesanato, entre outras), as quais ofereceram 1.150 oportunidades \u00e0s mulheres. .<\/p>\n<p>Na quest\u00e3o da preven\u00e7\u00e3o \u00e0 viol\u00eancia dom\u00e9stica, mais de nove mil pessoas foram alcan\u00e7adas pela campanha M\u00e3os Protetoras, que se trata de esclarecimento e orienta\u00e7\u00e3o sobre os tipos de viol\u00eancia que acometem as mulheres, al\u00e9m de informa\u00e7\u00e3o sobre os servi\u00e7os de ajuda \u00e0s v\u00edtimas.<\/p>\n<p>J\u00e1 o Centro de Refer\u00eancia de Atendimento \u00e0s Mulheres em Situa\u00e7\u00e3o de Viol\u00eancia Dom\u00e9stica (Casa das Rosas, Margaridas e Beths) presta acolhimento, acompanhamento psicossocial e orienta\u00e7\u00e3o jur\u00eddica \u00e0s mulheres vitimadas, assistindo a 450 mulheres nessas condi\u00e7\u00f5es.<\/p>\n<p>\u201cNo Dia Internacional da Igualdade Feminina, a Subsecretaria da Mulher reafirma seu compromisso com a luta pelos direitos das mulheres. Essa luta \u00e9 essencial para garantir qualidade de vida, oportunidades justas e reconhecimento igualit\u00e1rio em uma sociedade que s\u00f3 avan\u00e7a quando valoriza a for\u00e7a e a contribui\u00e7\u00e3o feminina\u201d, declarou a subsecret\u00e1ria Vanessa de Jesus.<\/p>\n<p>A gestora analisou ainda o levantamento apresentado pela subsecretaria. \u201cNossos dados de capacita\u00e7\u00e3o e atendimentos \u00e0s v\u00edtimas de viol\u00eancia dom\u00e9stica demonstram o quanto temos trabalhado, dia ap\u00f3s dia, na constru\u00e7\u00e3o de pol\u00edticas p\u00fablicas que promovam prote\u00e7\u00e3o, autonomia e dignidade para todas as mulheres da nossa cidade\u201d, observou Vanessa.<\/p>\n<p>26 de agosto<\/p>\n<p>A data de 26 de agosto celebra a conquista feminina pela igualdade de g\u00eanero e foi institu\u00edda em alus\u00e3o \u00e0 aprova\u00e7\u00e3o, em 1920, do direito das mulheres norte-americanas ao voto, cuja conquista depois se expandiu a diversos pa\u00edses.<\/p>\n<p>No Brasil, somente a partir de 1932 com o C\u00f3digo Eleitoral \u00e9 que o direito das mulheres ao voto passou a ser expresso em uma lei nacional, embora facultativo. A partir de 1946, o voto se tornou obrigat\u00f3rio.<\/p>\n<p>Imagem: F\u00e1bio Nunes Teixeira \/ PMG<\/p>\n","protected":false},"excerpt":{"rendered":"<p>Nesta ter\u00e7a-feira (26) &#8211; Dia Internacional da Igualdade Feminina \u2013 a Subsecretaria de Pol\u00edticas para as Mulheres divulgou um balan\u00e7o das a\u00e7\u00f5es realizadas nos sete primeiros meses do ano em prol da equidade de g\u00eanero, autonomia financeira, eleva\u00e7\u00e3o da autoestima e combate \u00e0 viol\u00eancia dom\u00e9stica. Nesse per\u00edodo, as cinco unidades das Casas da Mulher Clara [&hellip;]<\/p>\n","protected":false},"author":1,"featured_media":26900,"comment_status":"open","ping_status":"open","sticky":false,"template":"","format":"standard","meta":{"footnotes":""},"categories":[3],"tags":[],"class_list":{"0":"post-26899","1":"post","2":"type-post","3":"status-publish","4":"format-standard","5":"has-post-thumbnail","7":"category-guarulhos"},"_links":{"self":[{"href":"https:\/\/jm-metropole.com.br\/site\/wp-json\/wp\/v2\/posts\/26899","targetHints":{"allow":["GET"]}}],"collection":[{"href":"https:\/\/jm-metropole.com.br\/site\/wp-json\/wp\/v2\/posts"}],"about":[{"href":"https:\/\/jm-metropole.com.br\/site\/wp-json\/wp\/v2\/types\/post"}],"author":[{"embeddable":true,"href":"https:\/\/jm-metropole.com.br\/site\/wp-json\/wp\/v2\/users\/1"}],"replies":[{"embeddable":true,"href":"https:\/\/jm-metropole.com.br\/site\/wp-json\/wp\/v2\/comments?post=26899"}],"version-history":[{"count":1,"href":"https:\/\/jm-metropole.com.br\/site\/wp-json\/wp\/v2\/posts\/26899\/revisions"}],"predecessor-version":[{"id":26901,"href":"https:\/\/jm-metropole.com.br\/site\/wp-json\/wp\/v2\/posts\/26899\/revisions\/26901"}],"wp:featuredmedia":[{"embeddable":true,"href":"https:\/\/jm-metropole.com.br\/site\/wp-json\/wp\/v2\/media\/26900"}],"wp:attachment":[{"href":"https:\/\/jm-metropole.com.br\/site\/wp-json\/wp\/v2\/media?parent=26899"}],"wp:term":[{"taxonomy":"category","embeddable":true,"href":"https:\/\/jm-metropole.com.br\/site\/wp-json\/wp\/v2\/categories?post=26899"},{"taxonomy":"post_tag","embeddable":true,"href":"https:\/\/jm-metropole.com.br\/site\/wp-json\/wp\/v2\/tags?post=26899"}],"curies":[{"name":"wp","href":"https:\/\/api.w.org\/{rel}","templated":true}]}}