{"id":26893,"date":"2025-08-26T17:04:42","date_gmt":"2025-08-26T20:04:42","guid":{"rendered":"https:\/\/jm-metropole.com.br\/site\/?p=26893"},"modified":"2025-08-26T17:04:42","modified_gmt":"2025-08-26T20:04:42","slug":"feira-do-microempreendedor-e-emaa-encontro-mensal-de-antiguidades-movimentam-praca-do-coreto-com-nostalgia-e-empreendedorismo","status":"publish","type":"post","link":"https:\/\/jm-metropole.com.br\/site\/feira-do-microempreendedor-e-emaa-encontro-mensal-de-antiguidades-movimentam-praca-do-coreto-com-nostalgia-e-empreendedorismo\/","title":{"rendered":"Feira do Microempreendedor e  EMAA (Encontro Mensal de Antiguidades) movimentam Pra\u00e7a do Coreto com nostalgia e empreendedorismo"},"content":{"rendered":"<p>No \u00faltimo domingo (24), nostalgia e empreendedorismo movimentaram a Pra\u00e7a do Coreto, no Centro, com a realiza\u00e7\u00e3o do tradicional Encontro Mensal de Antiguidades em conjunto com a Feira do Microempreendedor.<\/p>\n<p>O evento, que tem apoio da Prefeitura de Aruj\u00e1 e das Secretarias Municipais de Cultura, Turismo e Lazer e Desenvolvimento Econ\u00f4mico, atraiu mais de 1000 pessoas e contou com mais de 120 ve\u00edculos e itens expostos.<\/p>\n<p>Dentre os itens em exposi\u00e7\u00e3o, destacam-se o rar\u00edssimo Corvette 1984, de propriedade da VCL Despachos Aduaneiros, e o caminh\u00e3o International 9800.<\/p>\n<p>Os empreendedores e microempreendedores locais tamb\u00e9m marcaram presen\u00e7a na atividade. Ao todo, 28 tendas de com\u00e9rcio foram expostas.<\/p>\n<p>Organizador do Encontro Mensal e do Encontro Anual de Antiguidades, Donizete Ribeiro ressaltou a import\u00e2ncia e a tradi\u00e7\u00e3o do evento para a comunidade arujaense, por meio de uma fala dita por seu filho e tamb\u00e9m organizador do evento, Leonardo Ribeiro Matuchak. \u201cEstamos a um m\u00eas de completar os dez anos do Encontro Mensal de Antiguidades e a fala do meu filho resume bem isso: hoje, olhando para tr\u00e1s, vejo que esse encontro n\u00e3o \u00e9 s\u00f3 sobre objetos antigos; \u00e9 sobre amizade, fam\u00edlia e o valor de preservar hist\u00f3rias\u201d, analisou.<\/p>\n<p>Al\u00e9m das exposi\u00e7\u00f5es, a programa\u00e7\u00e3o da atividade contou com shows ao vivo das bandas P\u00e2nico e Backspace (Pearl Jam Tribute), Espa\u00e7o Kids para as crian\u00e7as e \u00c1rea Gourmet.<\/p>\n","protected":false},"excerpt":{"rendered":"<p>No \u00faltimo domingo (24), nostalgia e empreendedorismo movimentaram a Pra\u00e7a do Coreto, no Centro, com a realiza\u00e7\u00e3o do tradicional Encontro Mensal de Antiguidades em conjunto com a Feira do Microempreendedor. O evento, que tem apoio da Prefeitura de Aruj\u00e1 e das Secretarias Municipais de Cultura, Turismo e Lazer e Desenvolvimento Econ\u00f4mico, atraiu mais de 1000 [&hellip;]<\/p>\n","protected":false},"author":1,"featured_media":26894,"comment_status":"open","ping_status":"open","sticky":false,"template":"","format":"standard","meta":{"footnotes":""},"categories":[4],"tags":[],"class_list":{"0":"post-26893","1":"post","2":"type-post","3":"status-publish","4":"format-standard","5":"has-post-thumbnail","7":"category-aruja"},"_links":{"self":[{"href":"https:\/\/jm-metropole.com.br\/site\/wp-json\/wp\/v2\/posts\/26893","targetHints":{"allow":["GET"]}}],"collection":[{"href":"https:\/\/jm-metropole.com.br\/site\/wp-json\/wp\/v2\/posts"}],"about":[{"href":"https:\/\/jm-metropole.com.br\/site\/wp-json\/wp\/v2\/types\/post"}],"author":[{"embeddable":true,"href":"https:\/\/jm-metropole.com.br\/site\/wp-json\/wp\/v2\/users\/1"}],"replies":[{"embeddable":true,"href":"https:\/\/jm-metropole.com.br\/site\/wp-json\/wp\/v2\/comments?post=26893"}],"version-history":[{"count":1,"href":"https:\/\/jm-metropole.com.br\/site\/wp-json\/wp\/v2\/posts\/26893\/revisions"}],"predecessor-version":[{"id":26895,"href":"https:\/\/jm-metropole.com.br\/site\/wp-json\/wp\/v2\/posts\/26893\/revisions\/26895"}],"wp:featuredmedia":[{"embeddable":true,"href":"https:\/\/jm-metropole.com.br\/site\/wp-json\/wp\/v2\/media\/26894"}],"wp:attachment":[{"href":"https:\/\/jm-metropole.com.br\/site\/wp-json\/wp\/v2\/media?parent=26893"}],"wp:term":[{"taxonomy":"category","embeddable":true,"href":"https:\/\/jm-metropole.com.br\/site\/wp-json\/wp\/v2\/categories?post=26893"},{"taxonomy":"post_tag","embeddable":true,"href":"https:\/\/jm-metropole.com.br\/site\/wp-json\/wp\/v2\/tags?post=26893"}],"curies":[{"name":"wp","href":"https:\/\/api.w.org\/{rel}","templated":true}]}}