{"id":26878,"date":"2025-08-26T08:04:06","date_gmt":"2025-08-26T11:04:06","guid":{"rendered":"https:\/\/jm-metropole.com.br\/site\/?p=26878"},"modified":"2025-08-26T08:04:06","modified_gmt":"2025-08-26T11:04:06","slug":"ancelotti-investe-em-novos-jogadores-em-convocacao-para-eliminatorias","status":"publish","type":"post","link":"https:\/\/jm-metropole.com.br\/site\/ancelotti-investe-em-novos-jogadores-em-convocacao-para-eliminatorias\/","title":{"rendered":"Ancelotti investe em novos jogadores em convoca\u00e7\u00e3o para Eliminat\u00f3rias"},"content":{"rendered":"<div class=\"header-noticia full-width\">\n<div class=\"linha-fina-noticia\">Brasil encara Chile no Maracan\u00e3 no pr\u00f3ximo dia 4 de setembro, \u00e0s 21h30<\/div>\n<\/div>\n<div class=\"container-autoria\"><\/div>\n<div>\n<p>A sele\u00e7\u00e3o brasileira masculina de futebol, j\u00e1 classificada para o Mundial de 2026, entrar\u00e1 em campo repleta de novidades nos dois \u00faltimos jogos das Eliminat\u00f3rias (17\u00aa e 18\u00aa rodadas). O t\u00e9cnico Carlo Ancelotti anunciou na tarde desta segunda-feira (25), na sede da CBF no Rio de Janeiro, a lista dos 25 convocados, e 10 deles ganharam a primeira chance na de treinar sob comando do italiano. Entre eles est\u00e3o os meio-campistas Lucas Paquet\u00e1 (West Ham) e Joelinton (Newcastle) e os atacantes Jo\u00e3o Pedro (Chelsea, Kaio Jorge (Cruzeiro) e Luiz Henrique (Zenit). Al\u00e9m de Kaio, artilheiro do Brasileir\u00e3o (15 gols), apenas outros tr\u00eas atuam no futebol nacional: o goleiro Hugo Souza (Corinthians), o lateral-esquerdo Alex Sandro (Flamengo) e o zagueiro Fabr\u00edcio Bruno (Cruzeiro).<img decoding=\"async\" src=\"https:\/\/agenciabrasil.ebc.com.br\/ebc.png?id=1655730&amp;o=node\" \/><img decoding=\"async\" src=\"https:\/\/agenciabrasil.ebc.com.br\/ebc.gif?id=1655730&amp;o=node\" \/><\/p>\n<p>O Brasil enfrenta o Chile no pr\u00f3ximo dia 4 de setembro (uma quinta-feira), \u00e0s 21h30 (hor\u00e1rio de Bras\u00edlia), no Maracan\u00e3, no Rio de Janeiro. A venda de ingressos ser\u00e1 aberta \u00e0s 18h desta segunda (25) no site\u00a0<a href=\"https:\/\/pre.bilheteriadigital.com\/\"><strong>Bilheteria Digital<\/strong><\/a>, mediante cadastro de biometria facial. O \u00faltimo jogo das Eliminat\u00f3rias ser\u00e1 fora de casa contra a Bol\u00edvia, em 9 de setembro (uma ter\u00e7a), \u00e0s 20h30.<\/p>\n<p>Durante a coletiva de imprensa, o t\u00e9cnico italiano se esfor\u00e7ou para responder \u00e0s perguntas em portugu\u00eas e explicou o porqu\u00ea de tantas caras novas na amarelinha.<\/p>\n<p>\u201cQuero conhecer novos jogadores que podem ajudar a sele\u00e7\u00e3o, tanto no perfil t\u00e9cnico quanto o pessoal. Os jogadores que n\u00e3o estou chamando trabalharam muito bem na primeira convoca\u00e7\u00e3o\u201d, ressaltou Ancelotti, que tamb\u00e9m elogiou Lucas Paquet\u00e1. Quero aproveitar para conhec\u00ea-lo: tem muita qualidade\u00a0 e ser\u00e1 muito importante para o Brasil.\u201d<\/p>\n<p><a href=\"https:\/\/www.whatsapp.com\/channel\/0029VaoRTgrInlqYLSk59B2M\" target=\"_blank\" rel=\"noopener\">&gt;&gt; Siga o canal da<strong>\u00a0Ag\u00eancia Brasil\u00a0<\/strong>no WhatsApp<\/a><\/p>\n<p>Ao falar da aus\u00eancia de Neymar, o t\u00e9cnico aproveitou para reiterar o principal crit\u00e9rio que utiliza para avaliar os jogadores visando a convoca\u00e7\u00e3o.<\/p>\n<p>\u201cNeymar teve um problema f\u00edsico na \u00faltima semana. N\u00e3o preciso test\u00e1-lo, todos conhecem muito bem o Neymar, mas ele tem de chegar com uma boa condi\u00e7\u00e3o f\u00edsica para fazer o melhor na Copa do Mundo. Um crit\u00e9rio muito importante \u00e9 o aspecto f\u00edsico: [o jogador] tem que estar em 100% da sua condi\u00e7\u00e3o f\u00edsica para ser convocado\u201d, pontuou.<\/p>\n<p>Em rela\u00e7\u00e3o \u00e0\u00a0<a href=\"https:\/\/agenciabrasil.ebc.com.br\/esportes\/noticia\/2025-05\/com-casemiro-e-sem-neymar-ancelotti-faz-primeira-convocacao-na-cbf\"><strong>primeira convoca\u00e7\u00e3o<\/strong><\/a>, Ancelotti manteve 12 jogadores: os defensores Alex Sandro (Flamengo), Alexsandro (Lille Olympique), Marquinho (PSG) e Vanderson (Monaco); os meio-campistas Andrey Santos (Chelsea), Bruno Guimar\u00e3es (Newcastle) e Casemiro (Manchester United); e os atacantes Est\u00eav\u00e3o (Chelsea), Gabriel Martinelli (Arsenal), Matheus Cunha (Manchester United), Raphinha (Barcelona) e Richarlison (Tottenham).<\/p>\n<p>Teremos 10 meses pela frente para preparar uma lista definitiva. \u00a0elenco definitivo. A ideia \u00e9 ter um grupo fixo de 15 ou 16 jogadores e ir tentando os demais\u201d, disse o treinador, que esperar avaliar 52 atletas at\u00e9 definir a equipe para a Copa do Mundo de 2026, no Canad\u00e1, M\u00e9xico e Estados Unidos.<\/p>\n<p>Ap\u00f3s as Eliminat\u00f3rias, a sele\u00e7\u00e3o far\u00e1 amistosos em outubro, novembro e dezembro. Os advers\u00e1rios e as datas ainda ser\u00e3o divulgados pela CBF.<\/p>\n<h2>Convocados<\/h2>\n<p><strong>Goleiros<\/strong><\/p>\n<p>Alisson (Liverpool)<\/p>\n<p>Bento (Al-Nassr)<\/p>\n<p>Hugo Souza (Corinthians)<\/p>\n<p><strong>Defensores<\/strong><\/p>\n<p>Alexsandro (Lille)<\/p>\n<p>Alex Sandro (Flamengo)<\/p>\n<p>Caio Henrique (Monaco)<\/p>\n<p>Douglas Santos (Zenit)<\/p>\n<p>Fabr\u00edcio Bruno (Cruzeiro)<\/p>\n<p>Gabriel Magalh\u00e3es (Arsenal)<\/p>\n<p>Marquinhos (Paris Saint-Germain)<\/p>\n<p>Vanderson (Monaco)<\/p>\n<p>Wesley (Roma)<\/p>\n<p><strong>Meio-campistas<\/strong><\/p>\n<p>Andrey Santos (Chelsea)<\/p>\n<p>Bruno Guimar\u00e3es (Newcastle)<\/p>\n<p>Casemiro (Manchester United)<\/p>\n<p>Joelinton (Newcastle)<\/p>\n<p>Lucas Paquet\u00e1 (West Ham)<\/p>\n<p><strong>Atacantes<\/strong><\/p>\n<p>Estev\u00e3o (Chelsea)<\/p>\n<p>Gabriel Martinelli (Arsenal)<\/p>\n<p>Jo\u00e3o Pedro (Chelsea)<\/p>\n<p>Kaio Jorge (Cruzeiro)<\/p>\n<p>Luiz Henrique (Zenit)<\/p>\n<p>Matheus Cunha (Manchester United)<\/p>\n<p>Raphinha (Barcelona)<\/p>\n<p>Richarlison (Tottenham)<\/p>\n<\/div>\n<p>*Com informa\u00e7\u00f5es de Ag\u00eancia Brasil<\/p>\n","protected":false},"excerpt":{"rendered":"<p>Brasil encara Chile no Maracan\u00e3 no pr\u00f3ximo dia 4 de setembro, \u00e0s 21h30 A sele\u00e7\u00e3o brasileira masculina de futebol, j\u00e1 classificada para o Mundial de 2026, entrar\u00e1 em campo repleta de novidades nos dois \u00faltimos jogos das Eliminat\u00f3rias (17\u00aa e 18\u00aa rodadas). O t\u00e9cnico Carlo Ancelotti anunciou na tarde desta segunda-feira (25), na sede da [&hellip;]<\/p>\n","protected":false},"author":1,"featured_media":26879,"comment_status":"open","ping_status":"open","sticky":false,"template":"","format":"standard","meta":{"footnotes":""},"categories":[12],"tags":[],"class_list":{"0":"post-26878","1":"post","2":"type-post","3":"status-publish","4":"format-standard","5":"has-post-thumbnail","7":"category-esporte"},"_links":{"self":[{"href":"https:\/\/jm-metropole.com.br\/site\/wp-json\/wp\/v2\/posts\/26878","targetHints":{"allow":["GET"]}}],"collection":[{"href":"https:\/\/jm-metropole.com.br\/site\/wp-json\/wp\/v2\/posts"}],"about":[{"href":"https:\/\/jm-metropole.com.br\/site\/wp-json\/wp\/v2\/types\/post"}],"author":[{"embeddable":true,"href":"https:\/\/jm-metropole.com.br\/site\/wp-json\/wp\/v2\/users\/1"}],"replies":[{"embeddable":true,"href":"https:\/\/jm-metropole.com.br\/site\/wp-json\/wp\/v2\/comments?post=26878"}],"version-history":[{"count":1,"href":"https:\/\/jm-metropole.com.br\/site\/wp-json\/wp\/v2\/posts\/26878\/revisions"}],"predecessor-version":[{"id":26880,"href":"https:\/\/jm-metropole.com.br\/site\/wp-json\/wp\/v2\/posts\/26878\/revisions\/26880"}],"wp:featuredmedia":[{"embeddable":true,"href":"https:\/\/jm-metropole.com.br\/site\/wp-json\/wp\/v2\/media\/26879"}],"wp:attachment":[{"href":"https:\/\/jm-metropole.com.br\/site\/wp-json\/wp\/v2\/media?parent=26878"}],"wp:term":[{"taxonomy":"category","embeddable":true,"href":"https:\/\/jm-metropole.com.br\/site\/wp-json\/wp\/v2\/categories?post=26878"},{"taxonomy":"post_tag","embeddable":true,"href":"https:\/\/jm-metropole.com.br\/site\/wp-json\/wp\/v2\/tags?post=26878"}],"curies":[{"name":"wp","href":"https:\/\/api.w.org\/{rel}","templated":true}]}}