{"id":26869,"date":"2025-08-25T17:01:12","date_gmt":"2025-08-25T20:01:12","guid":{"rendered":"https:\/\/jm-metropole.com.br\/site\/?p=26869"},"modified":"2025-08-25T17:01:12","modified_gmt":"2025-08-25T20:01:12","slug":"em-itaqua-agosto-lilas-tem-programacao-entre-os-dias-26-e-29-com-palestras-e-rodas-de-conversa","status":"publish","type":"post","link":"https:\/\/jm-metropole.com.br\/site\/em-itaqua-agosto-lilas-tem-programacao-entre-os-dias-26-e-29-com-palestras-e-rodas-de-conversa\/","title":{"rendered":"Em Itaqu\u00e1, Agosto Lil\u00e1s tem programa\u00e7\u00e3o entre os dias 26 e 29 com palestras e rodas de conversa"},"content":{"rendered":"<p>A\u00e7\u00f5es refor\u00e7am o combate \u00e0 viol\u00eancia contra a mulher<\/p>\n<p>A Prefeitura de Itaquaquecetuba, por meio da Secretaria da Mulher, Direitos Humanos e Cidadania, promove entre esta ter\u00e7a (26) e sexta-feira (29) uma s\u00e9rie de atividades de encerramento do Agosto Lil\u00e1s, m\u00eas de conscientiza\u00e7\u00e3o pelo fim da viol\u00eancia contra a mulher. As a\u00e7\u00f5es incluem palestras, rodas de conversa e momentos de acolhimento em unidades de sa\u00fade e Centros de Refer\u00eancia de Assist\u00eancia Social (CRAS), abertas \u00e0 popula\u00e7\u00e3o.<\/p>\n<p>&#8220;Mais do que um m\u00eas de mobiliza\u00e7\u00e3o, o Agosto Lil\u00e1s representa o nosso compromisso di\u00e1rio em proteger e acolher as mulheres de Itaqu\u00e1, garantindo que elas tenham apoio e seguran\u00e7a&#8221;, afirmou o prefeito Eduardo Boigues.<\/p>\n<p>As atividades acontecem nesta ter\u00e7a (26), \u00e0s 10h, no CRAS Morro Branco (avenida \u00cdtalo Adami, 2.023), na quarta (27), \u00e0s 13h, na USF Piratininga (rua Te\u00f3filo Braga, 147), na quinta (28), \u00e0s 10h, no CRAS Caiuby (rua Ribeir\u00e3o Preto, 9) e na sexta (29), \u00e0s 10h, na UBS Jardim do Carmo (rua Ja\u00fa, 26).<\/p>\n<p>A secret\u00e1ria da Mulher, Direitos Humanos e Cidadania, Hadla Issa, destacou que a iniciativa refor\u00e7a a import\u00e2ncia da preven\u00e7\u00e3o e da informa\u00e7\u00e3o. &#8220;Queremos ampliar o conhecimento da popula\u00e7\u00e3o sobre o tema, fortalecer a rede de apoio e mostrar que ningu\u00e9m est\u00e1 sozinha. O enfrentamento \u00e0 viol\u00eancia come\u00e7a com a conscientiza\u00e7\u00e3o e o di\u00e1logo.&#8221;<\/p>\n<p>Fotos: Dayane Oliveira<\/p>\n","protected":false},"excerpt":{"rendered":"<p>A\u00e7\u00f5es refor\u00e7am o combate \u00e0 viol\u00eancia contra a mulher A Prefeitura de Itaquaquecetuba, por meio da Secretaria da Mulher, Direitos Humanos e Cidadania, promove entre esta ter\u00e7a (26) e sexta-feira (29) uma s\u00e9rie de atividades de encerramento do Agosto Lil\u00e1s, m\u00eas de conscientiza\u00e7\u00e3o pelo fim da viol\u00eancia contra a mulher. As a\u00e7\u00f5es incluem palestras, rodas [&hellip;]<\/p>\n","protected":false},"author":1,"featured_media":26870,"comment_status":"open","ping_status":"open","sticky":false,"template":"","format":"standard","meta":{"footnotes":""},"categories":[6],"tags":[],"class_list":{"0":"post-26869","1":"post","2":"type-post","3":"status-publish","4":"format-standard","5":"has-post-thumbnail","7":"category-itaqua"},"_links":{"self":[{"href":"https:\/\/jm-metropole.com.br\/site\/wp-json\/wp\/v2\/posts\/26869","targetHints":{"allow":["GET"]}}],"collection":[{"href":"https:\/\/jm-metropole.com.br\/site\/wp-json\/wp\/v2\/posts"}],"about":[{"href":"https:\/\/jm-metropole.com.br\/site\/wp-json\/wp\/v2\/types\/post"}],"author":[{"embeddable":true,"href":"https:\/\/jm-metropole.com.br\/site\/wp-json\/wp\/v2\/users\/1"}],"replies":[{"embeddable":true,"href":"https:\/\/jm-metropole.com.br\/site\/wp-json\/wp\/v2\/comments?post=26869"}],"version-history":[{"count":1,"href":"https:\/\/jm-metropole.com.br\/site\/wp-json\/wp\/v2\/posts\/26869\/revisions"}],"predecessor-version":[{"id":26871,"href":"https:\/\/jm-metropole.com.br\/site\/wp-json\/wp\/v2\/posts\/26869\/revisions\/26871"}],"wp:featuredmedia":[{"embeddable":true,"href":"https:\/\/jm-metropole.com.br\/site\/wp-json\/wp\/v2\/media\/26870"}],"wp:attachment":[{"href":"https:\/\/jm-metropole.com.br\/site\/wp-json\/wp\/v2\/media?parent=26869"}],"wp:term":[{"taxonomy":"category","embeddable":true,"href":"https:\/\/jm-metropole.com.br\/site\/wp-json\/wp\/v2\/categories?post=26869"},{"taxonomy":"post_tag","embeddable":true,"href":"https:\/\/jm-metropole.com.br\/site\/wp-json\/wp\/v2\/tags?post=26869"}],"curies":[{"name":"wp","href":"https:\/\/api.w.org\/{rel}","templated":true}]}}