{"id":26866,"date":"2025-08-25T16:57:45","date_gmt":"2025-08-25T19:57:45","guid":{"rendered":"https:\/\/jm-metropole.com.br\/site\/?p=26866"},"modified":"2025-08-25T16:57:45","modified_gmt":"2025-08-25T19:57:45","slug":"itaqua-celebra-465-anos-com-festa-da-padroeira-nossa-senhora-dajuda-e-shows-ao-vivo","status":"publish","type":"post","link":"https:\/\/jm-metropole.com.br\/site\/itaqua-celebra-465-anos-com-festa-da-padroeira-nossa-senhora-dajuda-e-shows-ao-vivo\/","title":{"rendered":"Itaqu\u00e1 celebra 465 anos com Festa da Padroeira Nossa Senhora D\u2019Ajuda e shows ao vivo"},"content":{"rendered":"<p>Programa\u00e7\u00e3o vai de 29 de agosto a 2 de setembro<\/p>\n<p>Itaquaquecetuba inicia, na pr\u00f3xima semana, as comemora\u00e7\u00f5es de seus 465 anos de hist\u00f3ria com a Festa da Padroeira Nossa Senhora D\u2019Ajuda. O evento que re\u00fane f\u00e9, cultura e m\u00fasica, ser\u00e1 realizado na pra\u00e7a Padre Jo\u00e3o \u00c1lvares, no Centro, com mais de 30 barracas de alimentos e shows.<\/p>\n<p>A programa\u00e7\u00e3o vai de 29 de agosto a 2 de setembro: Sim\u00e3o e Felipe sobe ao palco no dia 29, \u00e0s 21h, o padre Alessandro Campos e Raffa Augusto no dia 30, \u00e0s 19h30, Marcos e Bueno no dia 31, \u00e0s 21h, Nathan Ginach no dia 1 de setembro, tamb\u00e9m \u00e0s 21h, e Alfredo Benevides no dia 2, \u00e0s 21h.<\/p>\n<p>Para a secret\u00e1ria de Cultura, Maria Ana Rosa, a festa \u00e9 um marco para a cidade. \u201cTemos uma programa\u00e7\u00e3o recheada para todos os gostos. Uma grande oportunidade para reunir toda a fam\u00edlia\u201d, disse.<\/p>\n<p>O evento \u00e9 realizado pelo Santu\u00e1rio Nossa Senhora D\u2019Ajuda, a Diocese de Mogi das Cruzes e a Casa da Crian\u00e7a de Itaqu\u00e1, com o apoio da Prefeitura de Itaquaquecetuba por meio da Secretaria de Cultura.<\/p>\n<p>O p\u00e1roco da Par\u00f3quia Nossa Senhora D\u2019Ajuda, padre Renato, ressaltou a import\u00e2ncia espiritual da celebra\u00e7\u00e3o. \u201cA festa da padroeira \u00e9 um convite \u00e0 ora\u00e7\u00e3o e \u00e0 uni\u00e3o, uma manifesta\u00e7\u00e3o de f\u00e9 que nos aproxima de Nossa Senhora e refor\u00e7a nossa miss\u00e3o crist\u00e3 na cidade.\u201d<\/p>\n<p>O prefeito Eduardo Boigues destacou o simbolismo da festa. \u201cItaqu\u00e1 chega aos 465 anos com muito orgulho de sua trajet\u00f3ria recente. Essa comemora\u00e7\u00e3o \u00e9 um presente para a popula\u00e7\u00e3o\u201d, finalizou.<\/p>\n<p>Foto: Dayane Oliveira<\/p>\n","protected":false},"excerpt":{"rendered":"<p>Programa\u00e7\u00e3o vai de 29 de agosto a 2 de setembro Itaquaquecetuba inicia, na pr\u00f3xima semana, as comemora\u00e7\u00f5es de seus 465 anos de hist\u00f3ria com a Festa da Padroeira Nossa Senhora D\u2019Ajuda. O evento que re\u00fane f\u00e9, cultura e m\u00fasica, ser\u00e1 realizado na pra\u00e7a Padre Jo\u00e3o \u00c1lvares, no Centro, com mais de 30 barracas de alimentos [&hellip;]<\/p>\n","protected":false},"author":1,"featured_media":26867,"comment_status":"open","ping_status":"open","sticky":false,"template":"","format":"standard","meta":{"footnotes":""},"categories":[6],"tags":[],"class_list":{"0":"post-26866","1":"post","2":"type-post","3":"status-publish","4":"format-standard","5":"has-post-thumbnail","7":"category-itaqua"},"_links":{"self":[{"href":"https:\/\/jm-metropole.com.br\/site\/wp-json\/wp\/v2\/posts\/26866","targetHints":{"allow":["GET"]}}],"collection":[{"href":"https:\/\/jm-metropole.com.br\/site\/wp-json\/wp\/v2\/posts"}],"about":[{"href":"https:\/\/jm-metropole.com.br\/site\/wp-json\/wp\/v2\/types\/post"}],"author":[{"embeddable":true,"href":"https:\/\/jm-metropole.com.br\/site\/wp-json\/wp\/v2\/users\/1"}],"replies":[{"embeddable":true,"href":"https:\/\/jm-metropole.com.br\/site\/wp-json\/wp\/v2\/comments?post=26866"}],"version-history":[{"count":1,"href":"https:\/\/jm-metropole.com.br\/site\/wp-json\/wp\/v2\/posts\/26866\/revisions"}],"predecessor-version":[{"id":26868,"href":"https:\/\/jm-metropole.com.br\/site\/wp-json\/wp\/v2\/posts\/26866\/revisions\/26868"}],"wp:featuredmedia":[{"embeddable":true,"href":"https:\/\/jm-metropole.com.br\/site\/wp-json\/wp\/v2\/media\/26867"}],"wp:attachment":[{"href":"https:\/\/jm-metropole.com.br\/site\/wp-json\/wp\/v2\/media?parent=26866"}],"wp:term":[{"taxonomy":"category","embeddable":true,"href":"https:\/\/jm-metropole.com.br\/site\/wp-json\/wp\/v2\/categories?post=26866"},{"taxonomy":"post_tag","embeddable":true,"href":"https:\/\/jm-metropole.com.br\/site\/wp-json\/wp\/v2\/tags?post=26866"}],"curies":[{"name":"wp","href":"https:\/\/api.w.org\/{rel}","templated":true}]}}