{"id":26854,"date":"2025-08-25T15:04:56","date_gmt":"2025-08-25T18:04:56","guid":{"rendered":"https:\/\/jm-metropole.com.br\/site\/?p=26854"},"modified":"2025-08-25T15:04:56","modified_gmt":"2025-08-25T18:04:56","slug":"policia-prende-em-olinda-suspeito-de-ameacar-influenciador-felca","status":"publish","type":"post","link":"https:\/\/jm-metropole.com.br\/site\/policia-prende-em-olinda-suspeito-de-ameacar-influenciador-felca\/","title":{"rendered":"Pol\u00edcia prende, em Olinda, suspeito de amea\u00e7ar influenciador Felca"},"content":{"rendered":"<div class=\"header-noticia full-width\">\n<div class=\"linha-fina-noticia\">Segundo Derrite, homem vendia material infantil nas redes<\/div>\n<\/div>\n<div class=\"container-autoria\"><\/div>\n<div>\n<p>A Pol\u00edcia Civil de S\u00e3o Paulo prendeu, na manh\u00e3 desta\u00a0segunda-feira\u00a0(25), um homem suspeito de fazer amea\u00e7as ao influenciador Felipe Bressanim Pereira, mais conhecido como Felca, que publicou um v\u00eddeo recente de grande repercuss\u00e3o alertando sobre a import\u00e2ncia da prote\u00e7\u00e3o de crian\u00e7as e adolescentes na internet.\u00a0<strong>O suspeito foi detido em Olinda (PE) e n\u00e3o teve o nome\u00a0informado pelas autoridades policiais.<\/strong><img decoding=\"async\" src=\"https:\/\/agenciabrasil.ebc.com.br\/ebc.png?id=1655685&amp;o=node\" \/><img decoding=\"async\" src=\"https:\/\/agenciabrasil.ebc.com.br\/ebc.gif?id=1655685&amp;o=node\" \/><\/p>\n<p>Segundo a Secretaria de Seguran\u00e7a P\u00fablica de S\u00e3o Paulo, a opera\u00e7\u00e3o para prender o suspeito foi realizada\u00a0em duas resid\u00eancias da cidade pernambucana.\u00a0<strong>O suspeito foi localizado em uma dessas resid\u00eancias e preso por amea\u00e7a, persegui\u00e7\u00e3o e associa\u00e7\u00e3o criminosa praticados em ambiente virtual.<\/strong><\/p>\n<p>A Pol\u00edcia Civil informou que, no momento da abordagem, o suspeito estava acompanhado por um outro homem e ambos foram conduzidos \u00e0 delegacia, \u201cpor estarem em situa\u00e7\u00e3o de flagrante delito\u201d.<\/p>\n<p>Durante a opera\u00e7\u00e3o, os policiais encontraram e apreenderam um computador, por meio do qual as amea\u00e7as a Felca teriam sido feitas.<\/p>\n<p><a href=\"https:\/\/www.whatsapp.com\/channel\/0029VaoRTgrInlqYLSk59B2M\" target=\"_blank\" rel=\"noopener\">&gt;&gt; Siga o canal da\u00a0<strong>Ag\u00eancia Brasil\u00a0<\/strong>no WhatsApp<\/a><\/p>\n<p>Em suas redes sociais,\u00a0<strong>o secret\u00e1rio de Seguran\u00e7a P\u00fablica de S\u00e3o Paulo, Guilherme Derrite, confirmou a pris\u00e3o e disse que o homem preso tamb\u00e9m vendia material na internet com crian\u00e7as e adolescentes.<\/strong><\/p>\n<p>\u201cA Pol\u00edcia Civil de S\u00e3o Paulo acaba de prender, em Pernambuco, um indiv\u00edduo que amea\u00e7ou o\u00a0<em>youtuber<\/em>\u00a0Felca ap\u00f3s suas den\u00fancias. Um belo trabalho de investiga\u00e7\u00e3o que levou at\u00e9 esse criminoso que, al\u00e9m das amea\u00e7as, vendia material infantil nas redes\u201d.<\/p>\n<p>Felca passou a sofrer amea\u00e7as ap\u00f3s ter divulgado den\u00fancias sobre adultiza\u00e7\u00e3o e pedofilia nas redes sociais.\u00a0<a href=\"https:\/\/agenciabrasil.ebc.com.br\/justica\/noticia\/2025-08\/influenciador-hytalo-santos-e-preso-em-sao-paulo\" target=\"_blank\" rel=\"noopener\">O v\u00eddeo resultou na pris\u00e3o de outro influenciador, Hytalo Santos, e de seu marido, Israel Nata Vicente<\/a>. O casal est\u00e1\u00a0preso\u00a0em S\u00e3o Paulo\u00a0desde o dia 15 de agosto.<\/p>\n<p><a href=\"https:\/\/agenciabrasil.ebc.com.br\/direitos-humanos\/noticia\/2025-08\/veja-dicas-para-proteger-criancas-e-adolescentes-nas-redes-sociais\" target=\"_blank\" rel=\"noopener\">&gt;&gt;\u00a0Veja\u00a0dicas para proteger crian\u00e7as e adolescentes nas redes sociais<\/a><\/p>\n<p>As pris\u00f5es foram determinadas pela Justi\u00e7a da Para\u00edba ap\u00f3s o influenciador Felca\u00a0denunciar perfis que usam crian\u00e7as e adolescentes para promover a &#8220;adultiza\u00e7\u00e3o infantil&#8221;. Hytalo est\u00e1\u00a0sendo\u00a0<a href=\"https:\/\/agenciabrasil.ebc.com.br\/direitos-humanos\/noticia\/2025-08\/mpt-pb-pede-bloqueio-de-bens-de-influenciador-hytalo-santos\" target=\"_blank\" rel=\"noopener\">investigado pelo Minist\u00e9rio P\u00fablico da Para\u00edba (MPPB)<\/a>\u00a0e pelo Minist\u00e9rio P\u00fablico do Trabalho (MPT) por explora\u00e7\u00e3o e exposi\u00e7\u00e3o de menores de idade em conte\u00fados produzidos para as redes sociais.<\/p>\n<p>*Com informa\u00e7\u00f5es do Ag\u00eancia Brasil<\/p>\n<\/div>\n","protected":false},"excerpt":{"rendered":"<p>Segundo Derrite, homem vendia material infantil nas redes A Pol\u00edcia Civil de S\u00e3o Paulo prendeu, na manh\u00e3 desta\u00a0segunda-feira\u00a0(25), um homem suspeito de fazer amea\u00e7as ao influenciador Felipe Bressanim Pereira, mais conhecido como Felca, que publicou um v\u00eddeo recente de grande repercuss\u00e3o alertando sobre a import\u00e2ncia da prote\u00e7\u00e3o de crian\u00e7as e adolescentes na internet.\u00a0O suspeito foi [&hellip;]<\/p>\n","protected":false},"author":1,"featured_media":26855,"comment_status":"open","ping_status":"open","sticky":false,"template":"","format":"standard","meta":{"footnotes":""},"categories":[48],"tags":[],"class_list":{"0":"post-26854","1":"post","2":"type-post","3":"status-publish","4":"format-standard","5":"has-post-thumbnail","7":"category-geral"},"_links":{"self":[{"href":"https:\/\/jm-metropole.com.br\/site\/wp-json\/wp\/v2\/posts\/26854","targetHints":{"allow":["GET"]}}],"collection":[{"href":"https:\/\/jm-metropole.com.br\/site\/wp-json\/wp\/v2\/posts"}],"about":[{"href":"https:\/\/jm-metropole.com.br\/site\/wp-json\/wp\/v2\/types\/post"}],"author":[{"embeddable":true,"href":"https:\/\/jm-metropole.com.br\/site\/wp-json\/wp\/v2\/users\/1"}],"replies":[{"embeddable":true,"href":"https:\/\/jm-metropole.com.br\/site\/wp-json\/wp\/v2\/comments?post=26854"}],"version-history":[{"count":1,"href":"https:\/\/jm-metropole.com.br\/site\/wp-json\/wp\/v2\/posts\/26854\/revisions"}],"predecessor-version":[{"id":26856,"href":"https:\/\/jm-metropole.com.br\/site\/wp-json\/wp\/v2\/posts\/26854\/revisions\/26856"}],"wp:featuredmedia":[{"embeddable":true,"href":"https:\/\/jm-metropole.com.br\/site\/wp-json\/wp\/v2\/media\/26855"}],"wp:attachment":[{"href":"https:\/\/jm-metropole.com.br\/site\/wp-json\/wp\/v2\/media?parent=26854"}],"wp:term":[{"taxonomy":"category","embeddable":true,"href":"https:\/\/jm-metropole.com.br\/site\/wp-json\/wp\/v2\/categories?post=26854"},{"taxonomy":"post_tag","embeddable":true,"href":"https:\/\/jm-metropole.com.br\/site\/wp-json\/wp\/v2\/tags?post=26854"}],"curies":[{"name":"wp","href":"https:\/\/api.w.org\/{rel}","templated":true}]}}