{"id":26836,"date":"2025-08-22T16:39:20","date_gmt":"2025-08-22T19:39:20","guid":{"rendered":"https:\/\/jm-metropole.com.br\/site\/?p=26836"},"modified":"2025-08-22T16:39:20","modified_gmt":"2025-08-22T19:39:20","slug":"prefeitura-de-aruja-abre-processo-seletivo-para-estagio-em-servico-social-e-psicologia","status":"publish","type":"post","link":"https:\/\/jm-metropole.com.br\/site\/prefeitura-de-aruja-abre-processo-seletivo-para-estagio-em-servico-social-e-psicologia\/","title":{"rendered":"PREFEITURA DE ARUJ\u00c1 ABRE PROCESSO SELETIVO PARA EST\u00c1GIO EM SERVI\u00c7O SOCIAL E PSICOLOGIA"},"content":{"rendered":"<p>A Prefeitura de Aruj\u00e1, por meio da Secretaria Municipal de Assist\u00eancia Social, abriu processo seletivo para est\u00e1gio remunerado nas \u00e1reas de Servi\u00e7o Social e Psicologia. S\u00e3o duas vagas imediatas para cada \u00e1rea, al\u00e9m de cadastro-reserva. Podem se inscrever estudantes a partir de 18 anos. Para Servi\u00e7o Social \u00e9 necess\u00e1rio estar cursando o 5\u00ba semestre. Em Psicologia podem participar alunos do 5\u00ba ao 7\u00ba semestre.<\/p>\n<p>Os interessados devem comparecer no dia 29 de agosto no Centro de Conviv\u00eancia da Crian\u00e7a e Adolescente \u2013 Unidade Centro, localizado na Avenida Ant\u00f4nio Afonso de Lima, 276. As entrevistas acontecem \u00e0s 9h para Psicologia e \u00e0s 14h para Servi\u00e7o Social.<\/p>\n<p>Os candidatos devem levar curr\u00edculo, RG, CPF e declara\u00e7\u00e3o de matr\u00edcula atualizada, em que comprove o semestre que est\u00e1 cursando, al\u00e9m de manter cadastro atualizado no portal do CIEE (www.ciee.org.br). A sele\u00e7\u00e3o ser\u00e1 feita por an\u00e1lise curricular e entrevista.<\/p>\n<p>A lista de aprovados ser\u00e1 publicada no Di\u00e1rio Oficial do Munic\u00edpio e o candidato ter\u00e1 5 dias para comparecer na Secretaria Municipal de Assist\u00eancia Social. A aus\u00eancia dentro do prazo implicar\u00e1 na desclassifica\u00e7\u00e3o do candidato.<\/p>\n","protected":false},"excerpt":{"rendered":"<p>A Prefeitura de Aruj\u00e1, por meio da Secretaria Municipal de Assist\u00eancia Social, abriu processo seletivo para est\u00e1gio remunerado nas \u00e1reas de Servi\u00e7o Social e Psicologia. S\u00e3o duas vagas imediatas para cada \u00e1rea, al\u00e9m de cadastro-reserva. Podem se inscrever estudantes a partir de 18 anos. Para Servi\u00e7o Social \u00e9 necess\u00e1rio estar cursando o 5\u00ba semestre. Em [&hellip;]<\/p>\n","protected":false},"author":1,"featured_media":26837,"comment_status":"open","ping_status":"open","sticky":false,"template":"","format":"standard","meta":{"footnotes":""},"categories":[4],"tags":[],"class_list":{"0":"post-26836","1":"post","2":"type-post","3":"status-publish","4":"format-standard","5":"has-post-thumbnail","7":"category-aruja"},"_links":{"self":[{"href":"https:\/\/jm-metropole.com.br\/site\/wp-json\/wp\/v2\/posts\/26836","targetHints":{"allow":["GET"]}}],"collection":[{"href":"https:\/\/jm-metropole.com.br\/site\/wp-json\/wp\/v2\/posts"}],"about":[{"href":"https:\/\/jm-metropole.com.br\/site\/wp-json\/wp\/v2\/types\/post"}],"author":[{"embeddable":true,"href":"https:\/\/jm-metropole.com.br\/site\/wp-json\/wp\/v2\/users\/1"}],"replies":[{"embeddable":true,"href":"https:\/\/jm-metropole.com.br\/site\/wp-json\/wp\/v2\/comments?post=26836"}],"version-history":[{"count":1,"href":"https:\/\/jm-metropole.com.br\/site\/wp-json\/wp\/v2\/posts\/26836\/revisions"}],"predecessor-version":[{"id":26838,"href":"https:\/\/jm-metropole.com.br\/site\/wp-json\/wp\/v2\/posts\/26836\/revisions\/26838"}],"wp:featuredmedia":[{"embeddable":true,"href":"https:\/\/jm-metropole.com.br\/site\/wp-json\/wp\/v2\/media\/26837"}],"wp:attachment":[{"href":"https:\/\/jm-metropole.com.br\/site\/wp-json\/wp\/v2\/media?parent=26836"}],"wp:term":[{"taxonomy":"category","embeddable":true,"href":"https:\/\/jm-metropole.com.br\/site\/wp-json\/wp\/v2\/categories?post=26836"},{"taxonomy":"post_tag","embeddable":true,"href":"https:\/\/jm-metropole.com.br\/site\/wp-json\/wp\/v2\/tags?post=26836"}],"curies":[{"name":"wp","href":"https:\/\/api.w.org\/{rel}","templated":true}]}}